{"id":10056,"date":"2024-12-10T08:37:59","date_gmt":"2024-12-10T11:37:59","guid":{"rendered":"https:\/\/sauceviejo.gob.ar\/sauceonline\/?p=10056"},"modified":"2024-12-23T19:21:06","modified_gmt":"2024-12-23T22:21:06","slug":"el-liceo-municipal-sigue-creciendo-primeros-egresados-del-curso-de-peluqueria","status":"publish","type":"post","link":"https:\/\/sauceviejo.gob.ar\/sauceonline\/el-liceo-municipal-sigue-creciendo-primeros-egresados-del-curso-de-peluqueria\/","title":{"rendered":"PRIMEROS EGRESADOS DEL CURSO DE PELUQUER\u00cdA DEL LICEO MUNICIPAL"},"content":{"rendered":"<!-- VideographyWP Plugin Message: Automatic video embedding prevented by plugin options. -->\n\n<p>&#x1f5d3;&#xfe0f; Este lunes por la tarde, el intendente Mario Papaleo presidi\u00f3 la entrega de certificados a los primeros egresados del curso de peluquer\u00eda, una de las tantas propuestas del Liceo Municipal gratuito y descentralizado. <\/p>\n\n\n\n<p>&#x1f464; Gesti\u00f3n Papaleo: siempre al lado de la gente. <\/p>\n\n\n\n<p>Sigannos tambi\u00e9n en: <\/p>\n\n\n\n<p>Twitter como @sauceviejomuni &#x1f426; <\/p>\n\n\n\n<p>Instagram como @munisauceviejo &#x1f4f8; <\/p>\n\n\n\n<p>Facebook como Municipalidad de Sauce Viejo &#x1f44d; <\/p>\n\n\n\n<p>Youtube como @municipalidaddesauceviejo &#x1f4f9; <\/p>\n\n\n\n<p>Y en nuestro sitio web <a href=\"http:\/\/www.sauceviejo.gob.ar\">www.sauceviejo.gob.ar <\/a>&#x1f310;<\/p>\n\n\n\n<p><\/p>\n","protected":false},"excerpt":{"rendered":"<p>&#x1f5d3;&#xfe0f; Este lunes por la tarde, el intendente Mario Papaleo presidi\u00f3 la entrega de certificados a los primeros egresados del curso de peluquer\u00eda, una de las tantas propuestas del Liceo Municipal gratuito y descentralizado. &#x1f464; Gesti\u00f3n Papaleo: siempre al lado de la gente. Sigannos tambi\u00e9n en: Twitter como @sauceviejomuni &#x1f426; Instagram como @munisauceviejo &#x1f4f8; Facebook&#8230;<\/p>\n","protected":false},"author":3,"featured_media":10057,"comment_status":"closed","ping_status":"closed","sticky":false,"template":"","format":"standard","meta":{"_uag_custom_page_level_css":"","_kad_post_transparent":"","_kad_post_title":"","_kad_post_layout":"","_kad_post_sidebar_id":"","_kad_post_content_style":"","_kad_post_vertical_padding":"","_kad_post_feature":"","_kad_post_feature_position":"","_kad_post_header":false,"_kad_post_footer":false,"_kad_post_classname":"","footnotes":""},"categories":[50,16,60],"tags":[],"class_list":["post-10056","post","type-post","status-publish","format-standard","has-post-thumbnail","hentry","category-destacadad","category-educacion","category-liceo-municipal"],"yoast_head":"<!-- This site is optimized with the Yoast SEO plugin v25.2 - https:\/\/yoast.com\/wordpress\/plugins\/seo\/ -->\n<title>PRIMEROS EGRESADOS DEL CURSO DE PELUQUER\u00cdA DEL LICEO MUNICIPAL - Municipalidad de Sauce Viejo<\/title>\n<meta name=\"robots\" content=\"index, follow, max-snippet:-1, max-image-preview:large, max-video-preview:-1\" \/>\n<link rel=\"canonical\" href=\"https:\/\/sauceviejo.gob.ar\/sauceonline\/el-liceo-municipal-sigue-creciendo-primeros-egresados-del-curso-de-peluqueria\/\" \/>\n<meta property=\"og:locale\" content=\"es_ES\" \/>\n<meta property=\"og:type\" content=\"article\" \/>\n<meta property=\"og:title\" content=\"PRIMEROS EGRESADOS DEL CURSO DE PELUQUER\u00cdA DEL LICEO MUNICIPAL - Municipalidad de Sauce Viejo\" \/>\n<meta property=\"og:description\" content=\"&#x1f5d3;&#xfe0f; Este lunes por la tarde, el intendente Mario Papaleo presidi\u00f3 la entrega de certificados a los primeros egresados del curso de peluquer\u00eda, una de las tantas propuestas del Liceo Municipal gratuito y descentralizado. &#x1f464; Gesti\u00f3n Papaleo: siempre al lado de la gente. Sigannos tambi\u00e9n en: Twitter como @sauceviejomuni &#x1f426; Instagram como @munisauceviejo &#x1f4f8; Facebook...\" \/>\n<meta property=\"og:url\" content=\"https:\/\/sauceviejo.gob.ar\/sauceonline\/el-liceo-municipal-sigue-creciendo-primeros-egresados-del-curso-de-peluqueria\/\" \/>\n<meta property=\"og:site_name\" content=\"Municipalidad de Sauce Viejo\" \/>\n<meta property=\"article:publisher\" content=\"https:\/\/www.facebook.com\/MunicipalidadDeSauceViejo\" \/>\n<meta property=\"article:published_time\" content=\"2024-12-10T11:37:59+00:00\" \/>\n<meta property=\"article:modified_time\" content=\"2024-12-23T22:21:06+00:00\" \/>\n<meta property=\"og:image\" content=\"https:\/\/sauceviejo.gob.ar\/sauceonline\/wp-content\/uploads\/2024\/12\/EL-LICEO-MUNICIPAL-SIGUE-CRECIENDO-PRIMEROS-EGRESADOS-DEL-CURSO-DE-PELUQUERA.jpg\" \/>\n\t<meta property=\"og:image:width\" content=\"640\" \/>\n\t<meta property=\"og:image:height\" content=\"480\" \/>\n\t<meta property=\"og:image:type\" content=\"image\/jpeg\" \/>\n<meta name=\"author\" content=\"Pablo Bellafronte\" \/>\n<meta name=\"twitter:card\" content=\"summary_large_image\" \/>\n<meta name=\"twitter:creator\" content=\"@sauceviejomuni\" \/>\n<meta name=\"twitter:site\" content=\"@sauceviejomuni\" \/>\n<meta name=\"twitter:label1\" content=\"Escrito por\" \/>\n\t<meta name=\"twitter:data1\" content=\"Pablo Bellafronte\" \/>\n\t<meta name=\"twitter:label2\" content=\"Tiempo de lectura\" \/>\n\t<meta name=\"twitter:data2\" content=\"1 minuto\" \/>\n<script type=\"application\/ld+json\" class=\"yoast-schema-graph\">{\"@context\":\"https:\/\/schema.org\",\"@graph\":[{\"@type\":\"Article\",\"@id\":\"https:\/\/sauceviejo.gob.ar\/sauceonline\/el-liceo-municipal-sigue-creciendo-primeros-egresados-del-curso-de-peluqueria\/#article\",\"isPartOf\":{\"@id\":\"https:\/\/sauceviejo.gob.ar\/sauceonline\/el-liceo-municipal-sigue-creciendo-primeros-egresados-del-curso-de-peluqueria\/\"},\"author\":{\"name\":\"Pablo Bellafronte\",\"@id\":\"https:\/\/sauceviejo.gob.ar\/sauceonline\/#\/schema\/person\/6b4c9b7035bed5ca317fd98bffc945a5\"},\"headline\":\"PRIMEROS EGRESADOS DEL CURSO DE PELUQUER\u00cdA DEL LICEO MUNICIPAL\",\"datePublished\":\"2024-12-10T11:37:59+00:00\",\"dateModified\":\"2024-12-23T22:21:06+00:00\",\"mainEntityOfPage\":{\"@id\":\"https:\/\/sauceviejo.gob.ar\/sauceonline\/el-liceo-municipal-sigue-creciendo-primeros-egresados-del-curso-de-peluqueria\/\"},\"wordCount\":101,\"publisher\":{\"@id\":\"https:\/\/sauceviejo.gob.ar\/sauceonline\/#organization\"},\"image\":{\"@id\":\"https:\/\/sauceviejo.gob.ar\/sauceonline\/el-liceo-municipal-sigue-creciendo-primeros-egresados-del-curso-de-peluqueria\/#primaryimage\"},\"thumbnailUrl\":\"https:\/\/sauceviejo.gob.ar\/sauceonline\/wp-content\/uploads\/2024\/12\/EL-LICEO-MUNICIPAL-SIGUE-CRECIENDO-PRIMEROS-EGRESADOS-DEL-CURSO-DE-PELUQUERA.jpg\",\"articleSection\":[\"Destacada de gobierno\",\"Educaci\u00f3n\",\"Liceo Municipal\"],\"inLanguage\":\"es\"},{\"@type\":\"WebPage\",\"@id\":\"https:\/\/sauceviejo.gob.ar\/sauceonline\/el-liceo-municipal-sigue-creciendo-primeros-egresados-del-curso-de-peluqueria\/\",\"url\":\"https:\/\/sauceviejo.gob.ar\/sauceonline\/el-liceo-municipal-sigue-creciendo-primeros-egresados-del-curso-de-peluqueria\/\",\"name\":\"PRIMEROS EGRESADOS DEL CURSO DE PELUQUER\u00cdA DEL LICEO MUNICIPAL - Municipalidad de Sauce Viejo\",\"isPartOf\":{\"@id\":\"https:\/\/sauceviejo.gob.ar\/sauceonline\/#website\"},\"primaryImageOfPage\":{\"@id\":\"https:\/\/sauceviejo.gob.ar\/sauceonline\/el-liceo-municipal-sigue-creciendo-primeros-egresados-del-curso-de-peluqueria\/#primaryimage\"},\"image\":{\"@id\":\"https:\/\/sauceviejo.gob.ar\/sauceonline\/el-liceo-municipal-sigue-creciendo-primeros-egresados-del-curso-de-peluqueria\/#primaryimage\"},\"thumbnailUrl\":\"https:\/\/sauceviejo.gob.ar\/sauceonline\/wp-content\/uploads\/2024\/12\/EL-LICEO-MUNICIPAL-SIGUE-CRECIENDO-PRIMEROS-EGRESADOS-DEL-CURSO-DE-PELUQUERA.jpg\",\"datePublished\":\"2024-12-10T11:37:59+00:00\",\"dateModified\":\"2024-12-23T22:21:06+00:00\",\"breadcrumb\":{\"@id\":\"https:\/\/sauceviejo.gob.ar\/sauceonline\/el-liceo-municipal-sigue-creciendo-primeros-egresados-del-curso-de-peluqueria\/#breadcrumb\"},\"inLanguage\":\"es\",\"potentialAction\":[{\"@type\":\"ReadAction\",\"target\":[\"https:\/\/sauceviejo.gob.ar\/sauceonline\/el-liceo-municipal-sigue-creciendo-primeros-egresados-del-curso-de-peluqueria\/\"]}]},{\"@type\":\"ImageObject\",\"inLanguage\":\"es\",\"@id\":\"https:\/\/sauceviejo.gob.ar\/sauceonline\/el-liceo-municipal-sigue-creciendo-primeros-egresados-del-curso-de-peluqueria\/#primaryimage\",\"url\":\"https:\/\/sauceviejo.gob.ar\/sauceonline\/wp-content\/uploads\/2024\/12\/EL-LICEO-MUNICIPAL-SIGUE-CRECIENDO-PRIMEROS-EGRESADOS-DEL-CURSO-DE-PELUQUERA.jpg\",\"contentUrl\":\"https:\/\/sauceviejo.gob.ar\/sauceonline\/wp-content\/uploads\/2024\/12\/EL-LICEO-MUNICIPAL-SIGUE-CRECIENDO-PRIMEROS-EGRESADOS-DEL-CURSO-DE-PELUQUERA.jpg\",\"width\":640,\"height\":480},{\"@type\":\"BreadcrumbList\",\"@id\":\"https:\/\/sauceviejo.gob.ar\/sauceonline\/el-liceo-municipal-sigue-creciendo-primeros-egresados-del-curso-de-peluqueria\/#breadcrumb\",\"itemListElement\":[{\"@type\":\"ListItem\",\"position\":1,\"name\":\"Portada\",\"item\":\"https:\/\/sauceviejo.gob.ar\/sauceonline\/\"},{\"@type\":\"ListItem\",\"position\":2,\"name\":\"PRIMEROS EGRESADOS DEL CURSO DE PELUQUER\u00cdA DEL LICEO MUNICIPAL\"}]},{\"@type\":\"WebSite\",\"@id\":\"https:\/\/sauceviejo.gob.ar\/sauceonline\/#website\",\"url\":\"https:\/\/sauceviejo.gob.ar\/sauceonline\/\",\"name\":\"Municipalidad de Sauce Viejo\",\"description\":\"\",\"publisher\":{\"@id\":\"https:\/\/sauceviejo.gob.ar\/sauceonline\/#organization\"},\"potentialAction\":[{\"@type\":\"SearchAction\",\"target\":{\"@type\":\"EntryPoint\",\"urlTemplate\":\"https:\/\/sauceviejo.gob.ar\/sauceonline\/?s={search_term_string}\"},\"query-input\":{\"@type\":\"PropertyValueSpecification\",\"valueRequired\":true,\"valueName\":\"search_term_string\"}}],\"inLanguage\":\"es\"},{\"@type\":\"Organization\",\"@id\":\"https:\/\/sauceviejo.gob.ar\/sauceonline\/#organization\",\"name\":\"Municipalidad de Sauce Viejo\",\"url\":\"https:\/\/sauceviejo.gob.ar\/sauceonline\/\",\"logo\":{\"@type\":\"ImageObject\",\"inLanguage\":\"es\",\"@id\":\"https:\/\/sauceviejo.gob.ar\/sauceonline\/#\/schema\/logo\/image\/\",\"url\":\"https:\/\/sauceviejo.gob.ar\/sauceonline\/wp-content\/uploads\/2024\/11\/Logo.png\",\"contentUrl\":\"https:\/\/sauceviejo.gob.ar\/sauceonline\/wp-content\/uploads\/2024\/11\/Logo.png\",\"width\":225,\"height\":225,\"caption\":\"Municipalidad de Sauce Viejo\"},\"image\":{\"@id\":\"https:\/\/sauceviejo.gob.ar\/sauceonline\/#\/schema\/logo\/image\/\"},\"sameAs\":[\"https:\/\/www.facebook.com\/MunicipalidadDeSauceViejo\",\"https:\/\/x.com\/sauceviejomuni\"]},{\"@type\":\"Person\",\"@id\":\"https:\/\/sauceviejo.gob.ar\/sauceonline\/#\/schema\/person\/6b4c9b7035bed5ca317fd98bffc945a5\",\"name\":\"Pablo Bellafronte\",\"image\":{\"@type\":\"ImageObject\",\"inLanguage\":\"es\",\"@id\":\"https:\/\/sauceviejo.gob.ar\/sauceonline\/#\/schema\/person\/image\/\",\"url\":\"https:\/\/secure.gravatar.com\/avatar\/aa83fc9cc17444f9d134315371bb0810?s=96&d=mm&r=g\",\"contentUrl\":\"https:\/\/secure.gravatar.com\/avatar\/aa83fc9cc17444f9d134315371bb0810?s=96&d=mm&r=g\",\"caption\":\"Pablo Bellafronte\"},\"sameAs\":[\"http:\/\/pablobellafronte.weebly.com\"],\"url\":\"https:\/\/sauceviejo.gob.ar\/sauceonline\/author\/pablo-bellafronte\/\"}]}<\/script>\n<!-- \/ Yoast SEO plugin. -->","yoast_head_json":{"title":"PRIMEROS EGRESADOS DEL CURSO DE PELUQUER\u00cdA DEL LICEO MUNICIPAL - Municipalidad de Sauce Viejo","robots":{"index":"index","follow":"follow","max-snippet":"max-snippet:-1","max-image-preview":"max-image-preview:large","max-video-preview":"max-video-preview:-1"},"canonical":"https:\/\/sauceviejo.gob.ar\/sauceonline\/el-liceo-municipal-sigue-creciendo-primeros-egresados-del-curso-de-peluqueria\/","og_locale":"es_ES","og_type":"article","og_title":"PRIMEROS EGRESADOS DEL CURSO DE PELUQUER\u00cdA DEL LICEO MUNICIPAL - Municipalidad de Sauce Viejo","og_description":"&#x1f5d3;&#xfe0f; Este lunes por la tarde, el intendente Mario Papaleo presidi\u00f3 la entrega de certificados a los primeros egresados del curso de peluquer\u00eda, una de las tantas propuestas del Liceo Municipal gratuito y descentralizado. &#x1f464; Gesti\u00f3n Papaleo: siempre al lado de la gente. Sigannos tambi\u00e9n en: Twitter como @sauceviejomuni &#x1f426; Instagram como @munisauceviejo &#x1f4f8; Facebook...","og_url":"https:\/\/sauceviejo.gob.ar\/sauceonline\/el-liceo-municipal-sigue-creciendo-primeros-egresados-del-curso-de-peluqueria\/","og_site_name":"Municipalidad de Sauce Viejo","article_publisher":"https:\/\/www.facebook.com\/MunicipalidadDeSauceViejo","article_published_time":"2024-12-10T11:37:59+00:00","article_modified_time":"2024-12-23T22:21:06+00:00","og_image":[{"width":640,"height":480,"url":"https:\/\/sauceviejo.gob.ar\/sauceonline\/wp-content\/uploads\/2024\/12\/EL-LICEO-MUNICIPAL-SIGUE-CRECIENDO-PRIMEROS-EGRESADOS-DEL-CURSO-DE-PELUQUERA.jpg","type":"image\/jpeg"}],"author":"Pablo Bellafronte","twitter_card":"summary_large_image","twitter_creator":"@sauceviejomuni","twitter_site":"@sauceviejomuni","twitter_misc":{"Escrito por":"Pablo Bellafronte","Tiempo de lectura":"1 minuto"},"schema":{"@context":"https:\/\/schema.org","@graph":[{"@type":"Article","@id":"https:\/\/sauceviejo.gob.ar\/sauceonline\/el-liceo-municipal-sigue-creciendo-primeros-egresados-del-curso-de-peluqueria\/#article","isPartOf":{"@id":"https:\/\/sauceviejo.gob.ar\/sauceonline\/el-liceo-municipal-sigue-creciendo-primeros-egresados-del-curso-de-peluqueria\/"},"author":{"name":"Pablo Bellafronte","@id":"https:\/\/sauceviejo.gob.ar\/sauceonline\/#\/schema\/person\/6b4c9b7035bed5ca317fd98bffc945a5"},"headline":"PRIMEROS EGRESADOS DEL CURSO DE PELUQUER\u00cdA DEL LICEO MUNICIPAL","datePublished":"2024-12-10T11:37:59+00:00","dateModified":"2024-12-23T22:21:06+00:00","mainEntityOfPage":{"@id":"https:\/\/sauceviejo.gob.ar\/sauceonline\/el-liceo-municipal-sigue-creciendo-primeros-egresados-del-curso-de-peluqueria\/"},"wordCount":101,"publisher":{"@id":"https:\/\/sauceviejo.gob.ar\/sauceonline\/#organization"},"image":{"@id":"https:\/\/sauceviejo.gob.ar\/sauceonline\/el-liceo-municipal-sigue-creciendo-primeros-egresados-del-curso-de-peluqueria\/#primaryimage"},"thumbnailUrl":"https:\/\/sauceviejo.gob.ar\/sauceonline\/wp-content\/uploads\/2024\/12\/EL-LICEO-MUNICIPAL-SIGUE-CRECIENDO-PRIMEROS-EGRESADOS-DEL-CURSO-DE-PELUQUERA.jpg","articleSection":["Destacada de gobierno","Educaci\u00f3n","Liceo Municipal"],"inLanguage":"es"},{"@type":"WebPage","@id":"https:\/\/sauceviejo.gob.ar\/sauceonline\/el-liceo-municipal-sigue-creciendo-primeros-egresados-del-curso-de-peluqueria\/","url":"https:\/\/sauceviejo.gob.ar\/sauceonline\/el-liceo-municipal-sigue-creciendo-primeros-egresados-del-curso-de-peluqueria\/","name":"PRIMEROS EGRESADOS DEL CURSO DE PELUQUER\u00cdA DEL LICEO MUNICIPAL - Municipalidad de Sauce Viejo","isPartOf":{"@id":"https:\/\/sauceviejo.gob.ar\/sauceonline\/#website"},"primaryImageOfPage":{"@id":"https:\/\/sauceviejo.gob.ar\/sauceonline\/el-liceo-municipal-sigue-creciendo-primeros-egresados-del-curso-de-peluqueria\/#primaryimage"},"image":{"@id":"https:\/\/sauceviejo.gob.ar\/sauceonline\/el-liceo-municipal-sigue-creciendo-primeros-egresados-del-curso-de-peluqueria\/#primaryimage"},"thumbnailUrl":"https:\/\/sauceviejo.gob.ar\/sauceonline\/wp-content\/uploads\/2024\/12\/EL-LICEO-MUNICIPAL-SIGUE-CRECIENDO-PRIMEROS-EGRESADOS-DEL-CURSO-DE-PELUQUERA.jpg","datePublished":"2024-12-10T11:37:59+00:00","dateModified":"2024-12-23T22:21:06+00:00","breadcrumb":{"@id":"https:\/\/sauceviejo.gob.ar\/sauceonline\/el-liceo-municipal-sigue-creciendo-primeros-egresados-del-curso-de-peluqueria\/#breadcrumb"},"inLanguage":"es","potentialAction":[{"@type":"ReadAction","target":["https:\/\/sauceviejo.gob.ar\/sauceonline\/el-liceo-municipal-sigue-creciendo-primeros-egresados-del-curso-de-peluqueria\/"]}]},{"@type":"ImageObject","inLanguage":"es","@id":"https:\/\/sauceviejo.gob.ar\/sauceonline\/el-liceo-municipal-sigue-creciendo-primeros-egresados-del-curso-de-peluqueria\/#primaryimage","url":"https:\/\/sauceviejo.gob.ar\/sauceonline\/wp-content\/uploads\/2024\/12\/EL-LICEO-MUNICIPAL-SIGUE-CRECIENDO-PRIMEROS-EGRESADOS-DEL-CURSO-DE-PELUQUERA.jpg","contentUrl":"https:\/\/sauceviejo.gob.ar\/sauceonline\/wp-content\/uploads\/2024\/12\/EL-LICEO-MUNICIPAL-SIGUE-CRECIENDO-PRIMEROS-EGRESADOS-DEL-CURSO-DE-PELUQUERA.jpg","width":640,"height":480},{"@type":"BreadcrumbList","@id":"https:\/\/sauceviejo.gob.ar\/sauceonline\/el-liceo-municipal-sigue-creciendo-primeros-egresados-del-curso-de-peluqueria\/#breadcrumb","itemListElement":[{"@type":"ListItem","position":1,"name":"Portada","item":"https:\/\/sauceviejo.gob.ar\/sauceonline\/"},{"@type":"ListItem","position":2,"name":"PRIMEROS EGRESADOS DEL CURSO DE PELUQUER\u00cdA DEL LICEO MUNICIPAL"}]},{"@type":"WebSite","@id":"https:\/\/sauceviejo.gob.ar\/sauceonline\/#website","url":"https:\/\/sauceviejo.gob.ar\/sauceonline\/","name":"Municipalidad de Sauce Viejo","description":"","publisher":{"@id":"https:\/\/sauceviejo.gob.ar\/sauceonline\/#organization"},"potentialAction":[{"@type":"SearchAction","target":{"@type":"EntryPoint","urlTemplate":"https:\/\/sauceviejo.gob.ar\/sauceonline\/?s={search_term_string}"},"query-input":{"@type":"PropertyValueSpecification","valueRequired":true,"valueName":"search_term_string"}}],"inLanguage":"es"},{"@type":"Organization","@id":"https:\/\/sauceviejo.gob.ar\/sauceonline\/#organization","name":"Municipalidad de Sauce Viejo","url":"https:\/\/sauceviejo.gob.ar\/sauceonline\/","logo":{"@type":"ImageObject","inLanguage":"es","@id":"https:\/\/sauceviejo.gob.ar\/sauceonline\/#\/schema\/logo\/image\/","url":"https:\/\/sauceviejo.gob.ar\/sauceonline\/wp-content\/uploads\/2024\/11\/Logo.png","contentUrl":"https:\/\/sauceviejo.gob.ar\/sauceonline\/wp-content\/uploads\/2024\/11\/Logo.png","width":225,"height":225,"caption":"Municipalidad de Sauce Viejo"},"image":{"@id":"https:\/\/sauceviejo.gob.ar\/sauceonline\/#\/schema\/logo\/image\/"},"sameAs":["https:\/\/www.facebook.com\/MunicipalidadDeSauceViejo","https:\/\/x.com\/sauceviejomuni"]},{"@type":"Person","@id":"https:\/\/sauceviejo.gob.ar\/sauceonline\/#\/schema\/person\/6b4c9b7035bed5ca317fd98bffc945a5","name":"Pablo Bellafronte","image":{"@type":"ImageObject","inLanguage":"es","@id":"https:\/\/sauceviejo.gob.ar\/sauceonline\/#\/schema\/person\/image\/","url":"https:\/\/secure.gravatar.com\/avatar\/aa83fc9cc17444f9d134315371bb0810?s=96&d=mm&r=g","contentUrl":"https:\/\/secure.gravatar.com\/avatar\/aa83fc9cc17444f9d134315371bb0810?s=96&d=mm&r=g","caption":"Pablo Bellafronte"},"sameAs":["http:\/\/pablobellafronte.weebly.com"],"url":"https:\/\/sauceviejo.gob.ar\/sauceonline\/author\/pablo-bellafronte\/"}]}},"uagb_featured_image_src":{"full":["https:\/\/sauceviejo.gob.ar\/sauceonline\/wp-content\/uploads\/2024\/12\/EL-LICEO-MUNICIPAL-SIGUE-CRECIENDO-PRIMEROS-EGRESADOS-DEL-CURSO-DE-PELUQUERA.jpg",640,480,false],"thumbnail":["https:\/\/sauceviejo.gob.ar\/sauceonline\/wp-content\/uploads\/2024\/12\/EL-LICEO-MUNICIPAL-SIGUE-CRECIENDO-PRIMEROS-EGRESADOS-DEL-CURSO-DE-PELUQUERA-150x150.jpg",150,150,true],"medium":["https:\/\/sauceviejo.gob.ar\/sauceonline\/wp-content\/uploads\/2024\/12\/EL-LICEO-MUNICIPAL-SIGUE-CRECIENDO-PRIMEROS-EGRESADOS-DEL-CURSO-DE-PELUQUERA-300x225.jpg",300,225,true],"medium_large":["https:\/\/sauceviejo.gob.ar\/sauceonline\/wp-content\/uploads\/2024\/12\/EL-LICEO-MUNICIPAL-SIGUE-CRECIENDO-PRIMEROS-EGRESADOS-DEL-CURSO-DE-PELUQUERA.jpg",640,480,false],"large":["https:\/\/sauceviejo.gob.ar\/sauceonline\/wp-content\/uploads\/2024\/12\/EL-LICEO-MUNICIPAL-SIGUE-CRECIENDO-PRIMEROS-EGRESADOS-DEL-CURSO-DE-PELUQUERA.jpg",640,480,false],"1536x1536":["https:\/\/sauceviejo.gob.ar\/sauceonline\/wp-content\/uploads\/2024\/12\/EL-LICEO-MUNICIPAL-SIGUE-CRECIENDO-PRIMEROS-EGRESADOS-DEL-CURSO-DE-PELUQUERA.jpg",640,480,false],"2048x2048":["https:\/\/sauceviejo.gob.ar\/sauceonline\/wp-content\/uploads\/2024\/12\/EL-LICEO-MUNICIPAL-SIGUE-CRECIENDO-PRIMEROS-EGRESADOS-DEL-CURSO-DE-PELUQUERA.jpg",640,480,false],"ultp_layout_landscape_large":["https:\/\/sauceviejo.gob.ar\/sauceonline\/wp-content\/uploads\/2024\/12\/EL-LICEO-MUNICIPAL-SIGUE-CRECIENDO-PRIMEROS-EGRESADOS-DEL-CURSO-DE-PELUQUERA.jpg",640,480,false],"ultp_layout_landscape":["https:\/\/sauceviejo.gob.ar\/sauceonline\/wp-content\/uploads\/2024\/12\/EL-LICEO-MUNICIPAL-SIGUE-CRECIENDO-PRIMEROS-EGRESADOS-DEL-CURSO-DE-PELUQUERA.jpg",640,480,false],"ultp_layout_portrait":["https:\/\/sauceviejo.gob.ar\/sauceonline\/wp-content\/uploads\/2024\/12\/EL-LICEO-MUNICIPAL-SIGUE-CRECIENDO-PRIMEROS-EGRESADOS-DEL-CURSO-DE-PELUQUERA-600x480.jpg",600,480,true],"ultp_layout_square":["https:\/\/sauceviejo.gob.ar\/sauceonline\/wp-content\/uploads\/2024\/12\/EL-LICEO-MUNICIPAL-SIGUE-CRECIENDO-PRIMEROS-EGRESADOS-DEL-CURSO-DE-PELUQUERA-600x480.jpg",600,480,true]},"uagb_author_info":{"display_name":"Pablo Bellafronte","author_link":"https:\/\/sauceviejo.gob.ar\/sauceonline\/author\/pablo-bellafronte\/"},"uagb_comment_info":0,"uagb_excerpt":"&#x1f5d3;&#xfe0f; Este lunes por la tarde, el intendente Mario Papaleo presidi\u00f3 la entrega de certificados a los primeros egresados del curso de peluquer\u00eda, una de las tantas propuestas del Liceo Municipal gratuito y descentralizado. &#x1f464; Gesti\u00f3n Papaleo: siempre al lado de la gente. Sigannos tambi\u00e9n en: Twitter como @sauceviejomuni &#x1f426; Instagram como @munisauceviejo &#x1f4f8; Facebook...","_links":{"self":[{"href":"https:\/\/sauceviejo.gob.ar\/sauceonline\/wp-json\/wp\/v2\/posts\/10056","targetHints":{"allow":["GET"]}}],"collection":[{"href":"https:\/\/sauceviejo.gob.ar\/sauceonline\/wp-json\/wp\/v2\/posts"}],"about":[{"href":"https:\/\/sauceviejo.gob.ar\/sauceonline\/wp-json\/wp\/v2\/types\/post"}],"author":[{"embeddable":true,"href":"https:\/\/sauceviejo.gob.ar\/sauceonline\/wp-json\/wp\/v2\/users\/3"}],"replies":[{"embeddable":true,"href":"https:\/\/sauceviejo.gob.ar\/sauceonline\/wp-json\/wp\/v2\/comments?post=10056"}],"version-history":[{"count":2,"href":"https:\/\/sauceviejo.gob.ar\/sauceonline\/wp-json\/wp\/v2\/posts\/10056\/revisions"}],"predecessor-version":[{"id":10059,"href":"https:\/\/sauceviejo.gob.ar\/sauceonline\/wp-json\/wp\/v2\/posts\/10056\/revisions\/10059"}],"wp:featuredmedia":[{"embeddable":true,"href":"https:\/\/sauceviejo.gob.ar\/sauceonline\/wp-json\/wp\/v2\/media\/10057"}],"wp:attachment":[{"href":"https:\/\/sauceviejo.gob.ar\/sauceonline\/wp-json\/wp\/v2\/media?parent=10056"}],"wp:term":[{"taxonomy":"category","embeddable":true,"href":"https:\/\/sauceviejo.gob.ar\/sauceonline\/wp-json\/wp\/v2\/categories?post=10056"},{"taxonomy":"post_tag","embeddable":true,"href":"https:\/\/sauceviejo.gob.ar\/sauceonline\/wp-json\/wp\/v2\/tags?post=10056"}],"curies":[{"name":"wp","href":"https:\/\/api.w.org\/{rel}","templated":true}]}}