{"id":10971,"date":"2025-09-04T08:44:58","date_gmt":"2025-09-04T11:44:58","guid":{"rendered":"https:\/\/sauceviejo.gob.ar\/sauceonline\/?p=10971"},"modified":"2025-09-04T08:46:14","modified_gmt":"2025-09-04T11:46:14","slug":"pileta-semiolimpica-en-barrio-jorge-newbery","status":"publish","type":"post","link":"https:\/\/sauceviejo.gob.ar\/sauceonline\/pileta-semiolimpica-en-barrio-jorge-newbery\/","title":{"rendered":"PILETA SEMIOL\u00cdMPICA EN BARRIO JORGE NEWBERY"},"content":{"rendered":"<!-- VideographyWP Plugin Message: Automatic video embedding prevented by plugin options. -->\n\n<div class=\"wp-block-group alignfull is-content-justification-center\" style=\"margin-top:0;margin-bottom:0\"><div class=\"wp-block-group__inner-container is-layout-constrained wp-block-group-is-layout-constrained\">\n<div style=\"height:var(--wp--preset--spacing--20)\" aria-hidden=\"true\" class=\"wp-block-spacer\"><\/div>\n\n\n\n<div class=\"wp-block-group alignwide\"><div class=\"wp-block-group__inner-container is-layout-flow wp-block-group-is-layout-flow\">\n<div class=\"wp-block-columns alignwide are-vertically-aligned-top is-layout-flex wp-container-core-columns-is-layout-1 wp-block-columns-is-layout-flex\">\n<div class=\"wp-block-column is-vertically-aligned-top is-content-justification-left is-layout-constrained wp-container-core-column-is-layout-1 wp-block-column-is-layout-constrained\">\n<h2 class=\"wp-block-heading\">Ya es una realidad<\/h2>\n<\/div>\n\n\n\n<div class=\"wp-block-column is-vertically-aligned-top is-layout-flow wp-block-column-is-layout-flow\" style=\"flex-basis:40%\">\n<p><strong><em>Finaliz\u00f3 la primera etapa de la pileta semiol\u00edmpica municipal en Barrio Jorge Newbery<\/em><\/strong><\/p>\n<\/div>\n<\/div>\n\n\n\n<div style=\"height:var(--wp--preset--spacing--20)\" aria-hidden=\"true\" class=\"wp-block-spacer\"><\/div>\n\n\n\n<figure class=\"wp-block-image size-large\"><img loading=\"lazy\" decoding=\"async\" width=\"1024\" height=\"576\" src=\"https:\/\/sauceviejo.gob.ar\/sauceonline\/wp-content\/uploads\/2025\/09\/Pileta-Municipal-1024x576.jpg\" alt=\"\" class=\"wp-image-10972\" style=\"aspect-ratio:16\/9;object-fit:cover\" srcset=\"https:\/\/sauceviejo.gob.ar\/sauceonline\/wp-content\/uploads\/2025\/09\/Pileta-Municipal-1024x576.jpg 1024w, https:\/\/sauceviejo.gob.ar\/sauceonline\/wp-content\/uploads\/2025\/09\/Pileta-Municipal-300x169.jpg 300w, https:\/\/sauceviejo.gob.ar\/sauceonline\/wp-content\/uploads\/2025\/09\/Pileta-Municipal-768x432.jpg 768w, https:\/\/sauceviejo.gob.ar\/sauceonline\/wp-content\/uploads\/2025\/09\/Pileta-Municipal-1536x864.jpg 1536w, https:\/\/sauceviejo.gob.ar\/sauceonline\/wp-content\/uploads\/2025\/09\/Pileta-Municipal-2048x1152.jpg 2048w\" sizes=\"auto, (max-width: 1024px) 100vw, 1024px\" \/><\/figure>\n<\/div><\/div>\n\n\n\n<div style=\"height:var(--wp--preset--spacing--20)\" aria-hidden=\"true\" class=\"wp-block-spacer\"><\/div>\n\n\n\n<p>Este lunes, el <strong><em>Intendente Mario Papaleo y el coordinador de Deportes Pedro Bisconti<\/em><\/strong> recorrieron la obra de finalizaci\u00f3n de la primera etapa de la <strong>pileta semiol\u00edmpica municipal, ubicada en el Barrio Jorge Newbery<\/strong>. Esta importante infraestructura fue posible gracias al Programa de Obras Urbanas (P.O.U.) del Ministerio de Infraestructura del Gobierno de la Provincia.<\/p>\n\n\n\n<p>Durante la visita, las autoridades destacaron el impacto positivo que esta pileta tendr\u00e1 en la comunidad:<\/p>\n\n\n\n<ul class=\"wp-block-list\">\n<li>Ni\u00f1os y ni\u00f1as de nuestra ciudad podr\u00e1n aprender a nadar desde peque\u00f1os.<\/li>\n\n\n\n<li>Los adultos mayores contar\u00e1n con espacios para nataci\u00f3n terap\u00e9utica.<\/li>\n\n\n\n<li>Adem\u00e1s, se utilizar\u00e1 para programas de rehabilitaci\u00f3n en articulaci\u00f3n con el SAMCo local.<\/li>\n<\/ul>\n\n\n\n<p>El Intendente Papaleo ve como necesario que en un trabajo en conjunto con el Ministerio de Educaci\u00f3n que todas las escuelas de la ciudad puedan incorporar la actividad de nataci\u00f3n en el marco de la curr\u00edcula de Educaci\u00f3n F\u00edsica.<\/p>\n\n\n\n<div class=\"wp-block-columns is-layout-flex wp-container-core-columns-is-layout-2 wp-block-columns-is-layout-flex\">\n<div class=\"wp-block-column is-layout-flow wp-block-column-is-layout-flow\" style=\"flex-basis:20%\"><\/div>\n\n\n\n<div class=\"wp-block-column is-layout-flow wp-block-column-is-layout-flow\" style=\"flex-basis:60%\">\n<figure class=\"wp-block-embed is-type-video is-provider-youtube wp-block-embed-youtube wp-embed-aspect-16-9 wp-has-aspect-ratio\"><div class=\"wp-block-embed__wrapper\">\n<iframe loading=\"lazy\" title=\"1\u00b0 etapa de la pileta semiol\u00edmpica municipal en Barrio Jorge Newbery\" width=\"720\" height=\"405\" src=\"https:\/\/www.youtube.com\/embed\/AjgPXfgHSBo?feature=oembed\" frameborder=\"0\" allow=\"accelerometer; autoplay; clipboard-write; encrypted-media; gyroscope; picture-in-picture; web-share\" referrerpolicy=\"strict-origin-when-cross-origin\" allowfullscreen><\/iframe>\n<\/div><\/figure>\n<\/div>\n\n\n\n<div class=\"wp-block-column is-layout-flow wp-block-column-is-layout-flow\" style=\"flex-basis:20%\"><\/div>\n<\/div>\n\n\n\n<p><strong><mark style=\"background-color:rgba(0, 0, 0, 0)\" class=\"has-inline-color has-ast-global-color-1-color\">\u201cCuando provincia y municipio trabajan unidos, se pueden lograr transformaciones reales. Esta pileta no es solo una obra: es salud, inclusi\u00f3n, educaci\u00f3n y calidad de vida para todos nuestros vecinos\u201d, se\u00f1al\u00f3 el mandatario local.<\/mark><\/strong><\/p>\n\n\n\n<p><strong>Seguimos construyendo futuro con obras que\u00a0dejan\u00a0huella.<\/strong><\/p>\n<\/div><\/div>\n","protected":false},"excerpt":{"rendered":"<p>Ya es una realidad Finaliz\u00f3 la primera etapa de la pileta semiol\u00edmpica municipal en Barrio Jorge Newbery Este lunes, el Intendente Mario Papaleo y el coordinador de Deportes Pedro Bisconti recorrieron la obra de finalizaci\u00f3n de la primera etapa de la pileta semiol\u00edmpica municipal, ubicada en el Barrio Jorge Newbery. Esta importante infraestructura fue posible&#8230;<\/p>\n","protected":false},"author":9,"featured_media":10972,"comment_status":"closed","ping_status":"closed","sticky":false,"template":"","format":"standard","meta":{"_uag_custom_page_level_css":"","_kad_post_transparent":"","_kad_post_title":"","_kad_post_layout":"","_kad_post_sidebar_id":"","_kad_post_content_style":"","_kad_post_vertical_padding":"","_kad_post_feature":"","_kad_post_feature_position":"","_kad_post_header":false,"_kad_post_footer":false,"_kad_post_classname":"","footnotes":""},"categories":[17,50],"tags":[],"class_list":["post-10971","post","type-post","status-publish","format-standard","has-post-thumbnail","hentry","category-deportes","category-destacadad"],"yoast_head":"<!-- This site is optimized with the Yoast SEO plugin v25.2 - https:\/\/yoast.com\/wordpress\/plugins\/seo\/ -->\n<title>PILETA SEMIOL\u00cdMPICA EN BARRIO JORGE NEWBERY - Municipalidad de Sauce Viejo<\/title>\n<meta name=\"robots\" content=\"index, follow, max-snippet:-1, max-image-preview:large, max-video-preview:-1\" \/>\n<link rel=\"canonical\" href=\"https:\/\/sauceviejo.gob.ar\/sauceonline\/pileta-semiolimpica-en-barrio-jorge-newbery\/\" \/>\n<meta property=\"og:locale\" content=\"es_ES\" \/>\n<meta property=\"og:type\" content=\"article\" \/>\n<meta property=\"og:title\" content=\"PILETA SEMIOL\u00cdMPICA EN BARRIO JORGE NEWBERY - Municipalidad de Sauce Viejo\" \/>\n<meta property=\"og:description\" content=\"Ya es una realidad Finaliz\u00f3 la primera etapa de la pileta semiol\u00edmpica municipal en Barrio Jorge Newbery Este lunes, el Intendente Mario Papaleo y el coordinador de Deportes Pedro Bisconti recorrieron la obra de finalizaci\u00f3n de la primera etapa de la pileta semiol\u00edmpica municipal, ubicada en el Barrio Jorge Newbery. Esta importante infraestructura fue posible...\" \/>\n<meta property=\"og:url\" content=\"https:\/\/sauceviejo.gob.ar\/sauceonline\/pileta-semiolimpica-en-barrio-jorge-newbery\/\" \/>\n<meta property=\"og:site_name\" content=\"Municipalidad de Sauce Viejo\" \/>\n<meta property=\"article:publisher\" content=\"https:\/\/www.facebook.com\/MunicipalidadDeSauceViejo\" \/>\n<meta property=\"article:published_time\" content=\"2025-09-04T11:44:58+00:00\" \/>\n<meta property=\"article:modified_time\" content=\"2025-09-04T11:46:14+00:00\" \/>\n<meta property=\"og:image\" content=\"https:\/\/sauceviejo.gob.ar\/sauceonline\/wp-content\/uploads\/2025\/09\/Pileta-Municipal-scaled.jpg\" \/>\n\t<meta property=\"og:image:width\" content=\"2560\" \/>\n\t<meta property=\"og:image:height\" content=\"1440\" \/>\n\t<meta property=\"og:image:type\" content=\"image\/jpeg\" \/>\n<meta name=\"author\" content=\"Prensa Web\" \/>\n<meta name=\"twitter:card\" content=\"summary_large_image\" \/>\n<meta name=\"twitter:creator\" content=\"@sauceviejomuni\" \/>\n<meta name=\"twitter:site\" content=\"@sauceviejomuni\" \/>\n<meta name=\"twitter:label1\" content=\"Escrito por\" \/>\n\t<meta name=\"twitter:data1\" content=\"Prensa Web\" \/>\n\t<meta name=\"twitter:label2\" content=\"Tiempo de lectura\" \/>\n\t<meta name=\"twitter:data2\" content=\"2 minutos\" \/>\n<script type=\"application\/ld+json\" class=\"yoast-schema-graph\">{\"@context\":\"https:\/\/schema.org\",\"@graph\":[{\"@type\":\"Article\",\"@id\":\"https:\/\/sauceviejo.gob.ar\/sauceonline\/pileta-semiolimpica-en-barrio-jorge-newbery\/#article\",\"isPartOf\":{\"@id\":\"https:\/\/sauceviejo.gob.ar\/sauceonline\/pileta-semiolimpica-en-barrio-jorge-newbery\/\"},\"author\":{\"name\":\"Prensa Web\",\"@id\":\"https:\/\/sauceviejo.gob.ar\/sauceonline\/#\/schema\/person\/33625cf4752491a8b66dd8120724b71e\"},\"headline\":\"PILETA SEMIOL\u00cdMPICA EN BARRIO JORGE NEWBERY\",\"datePublished\":\"2025-09-04T11:44:58+00:00\",\"dateModified\":\"2025-09-04T11:46:14+00:00\",\"mainEntityOfPage\":{\"@id\":\"https:\/\/sauceviejo.gob.ar\/sauceonline\/pileta-semiolimpica-en-barrio-jorge-newbery\/\"},\"wordCount\":236,\"publisher\":{\"@id\":\"https:\/\/sauceviejo.gob.ar\/sauceonline\/#organization\"},\"image\":{\"@id\":\"https:\/\/sauceviejo.gob.ar\/sauceonline\/pileta-semiolimpica-en-barrio-jorge-newbery\/#primaryimage\"},\"thumbnailUrl\":\"https:\/\/sauceviejo.gob.ar\/sauceonline\/wp-content\/uploads\/2025\/09\/Pileta-Municipal-scaled.jpg\",\"articleSection\":[\"Deportes\",\"Destacada de gobierno\"],\"inLanguage\":\"es\"},{\"@type\":\"WebPage\",\"@id\":\"https:\/\/sauceviejo.gob.ar\/sauceonline\/pileta-semiolimpica-en-barrio-jorge-newbery\/\",\"url\":\"https:\/\/sauceviejo.gob.ar\/sauceonline\/pileta-semiolimpica-en-barrio-jorge-newbery\/\",\"name\":\"PILETA SEMIOL\u00cdMPICA EN BARRIO JORGE NEWBERY - Municipalidad de Sauce Viejo\",\"isPartOf\":{\"@id\":\"https:\/\/sauceviejo.gob.ar\/sauceonline\/#website\"},\"primaryImageOfPage\":{\"@id\":\"https:\/\/sauceviejo.gob.ar\/sauceonline\/pileta-semiolimpica-en-barrio-jorge-newbery\/#primaryimage\"},\"image\":{\"@id\":\"https:\/\/sauceviejo.gob.ar\/sauceonline\/pileta-semiolimpica-en-barrio-jorge-newbery\/#primaryimage\"},\"thumbnailUrl\":\"https:\/\/sauceviejo.gob.ar\/sauceonline\/wp-content\/uploads\/2025\/09\/Pileta-Municipal-scaled.jpg\",\"datePublished\":\"2025-09-04T11:44:58+00:00\",\"dateModified\":\"2025-09-04T11:46:14+00:00\",\"breadcrumb\":{\"@id\":\"https:\/\/sauceviejo.gob.ar\/sauceonline\/pileta-semiolimpica-en-barrio-jorge-newbery\/#breadcrumb\"},\"inLanguage\":\"es\",\"potentialAction\":[{\"@type\":\"ReadAction\",\"target\":[\"https:\/\/sauceviejo.gob.ar\/sauceonline\/pileta-semiolimpica-en-barrio-jorge-newbery\/\"]}]},{\"@type\":\"ImageObject\",\"inLanguage\":\"es\",\"@id\":\"https:\/\/sauceviejo.gob.ar\/sauceonline\/pileta-semiolimpica-en-barrio-jorge-newbery\/#primaryimage\",\"url\":\"https:\/\/sauceviejo.gob.ar\/sauceonline\/wp-content\/uploads\/2025\/09\/Pileta-Municipal-scaled.jpg\",\"contentUrl\":\"https:\/\/sauceviejo.gob.ar\/sauceonline\/wp-content\/uploads\/2025\/09\/Pileta-Municipal-scaled.jpg\",\"width\":2560,\"height\":1440},{\"@type\":\"BreadcrumbList\",\"@id\":\"https:\/\/sauceviejo.gob.ar\/sauceonline\/pileta-semiolimpica-en-barrio-jorge-newbery\/#breadcrumb\",\"itemListElement\":[{\"@type\":\"ListItem\",\"position\":1,\"name\":\"Portada\",\"item\":\"https:\/\/sauceviejo.gob.ar\/sauceonline\/\"},{\"@type\":\"ListItem\",\"position\":2,\"name\":\"PILETA SEMIOL\u00cdMPICA EN BARRIO JORGE NEWBERY\"}]},{\"@type\":\"WebSite\",\"@id\":\"https:\/\/sauceviejo.gob.ar\/sauceonline\/#website\",\"url\":\"https:\/\/sauceviejo.gob.ar\/sauceonline\/\",\"name\":\"Municipalidad de Sauce Viejo\",\"description\":\"\",\"publisher\":{\"@id\":\"https:\/\/sauceviejo.gob.ar\/sauceonline\/#organization\"},\"potentialAction\":[{\"@type\":\"SearchAction\",\"target\":{\"@type\":\"EntryPoint\",\"urlTemplate\":\"https:\/\/sauceviejo.gob.ar\/sauceonline\/?s={search_term_string}\"},\"query-input\":{\"@type\":\"PropertyValueSpecification\",\"valueRequired\":true,\"valueName\":\"search_term_string\"}}],\"inLanguage\":\"es\"},{\"@type\":\"Organization\",\"@id\":\"https:\/\/sauceviejo.gob.ar\/sauceonline\/#organization\",\"name\":\"Municipalidad de Sauce Viejo\",\"url\":\"https:\/\/sauceviejo.gob.ar\/sauceonline\/\",\"logo\":{\"@type\":\"ImageObject\",\"inLanguage\":\"es\",\"@id\":\"https:\/\/sauceviejo.gob.ar\/sauceonline\/#\/schema\/logo\/image\/\",\"url\":\"https:\/\/sauceviejo.gob.ar\/sauceonline\/wp-content\/uploads\/2024\/11\/Logo.png\",\"contentUrl\":\"https:\/\/sauceviejo.gob.ar\/sauceonline\/wp-content\/uploads\/2024\/11\/Logo.png\",\"width\":225,\"height\":225,\"caption\":\"Municipalidad de Sauce Viejo\"},\"image\":{\"@id\":\"https:\/\/sauceviejo.gob.ar\/sauceonline\/#\/schema\/logo\/image\/\"},\"sameAs\":[\"https:\/\/www.facebook.com\/MunicipalidadDeSauceViejo\",\"https:\/\/x.com\/sauceviejomuni\"]},{\"@type\":\"Person\",\"@id\":\"https:\/\/sauceviejo.gob.ar\/sauceonline\/#\/schema\/person\/33625cf4752491a8b66dd8120724b71e\",\"name\":\"Prensa Web\",\"image\":{\"@type\":\"ImageObject\",\"inLanguage\":\"es\",\"@id\":\"https:\/\/sauceviejo.gob.ar\/sauceonline\/#\/schema\/person\/image\/\",\"url\":\"https:\/\/secure.gravatar.com\/avatar\/7ba5177a9050ccba51d8fc0b040abd92?s=96&d=mm&r=g\",\"contentUrl\":\"https:\/\/secure.gravatar.com\/avatar\/7ba5177a9050ccba51d8fc0b040abd92?s=96&d=mm&r=g\",\"caption\":\"Prensa Web\"},\"url\":\"https:\/\/sauceviejo.gob.ar\/sauceonline\/author\/prensa-web\/\"}]}<\/script>\n<!-- \/ Yoast SEO plugin. -->","yoast_head_json":{"title":"PILETA SEMIOL\u00cdMPICA EN BARRIO JORGE NEWBERY - Municipalidad de Sauce Viejo","robots":{"index":"index","follow":"follow","max-snippet":"max-snippet:-1","max-image-preview":"max-image-preview:large","max-video-preview":"max-video-preview:-1"},"canonical":"https:\/\/sauceviejo.gob.ar\/sauceonline\/pileta-semiolimpica-en-barrio-jorge-newbery\/","og_locale":"es_ES","og_type":"article","og_title":"PILETA SEMIOL\u00cdMPICA EN BARRIO JORGE NEWBERY - Municipalidad de Sauce Viejo","og_description":"Ya es una realidad Finaliz\u00f3 la primera etapa de la pileta semiol\u00edmpica municipal en Barrio Jorge Newbery Este lunes, el Intendente Mario Papaleo y el coordinador de Deportes Pedro Bisconti recorrieron la obra de finalizaci\u00f3n de la primera etapa de la pileta semiol\u00edmpica municipal, ubicada en el Barrio Jorge Newbery. Esta importante infraestructura fue posible...","og_url":"https:\/\/sauceviejo.gob.ar\/sauceonline\/pileta-semiolimpica-en-barrio-jorge-newbery\/","og_site_name":"Municipalidad de Sauce Viejo","article_publisher":"https:\/\/www.facebook.com\/MunicipalidadDeSauceViejo","article_published_time":"2025-09-04T11:44:58+00:00","article_modified_time":"2025-09-04T11:46:14+00:00","og_image":[{"width":2560,"height":1440,"url":"https:\/\/sauceviejo.gob.ar\/sauceonline\/wp-content\/uploads\/2025\/09\/Pileta-Municipal-scaled.jpg","type":"image\/jpeg"}],"author":"Prensa Web","twitter_card":"summary_large_image","twitter_creator":"@sauceviejomuni","twitter_site":"@sauceviejomuni","twitter_misc":{"Escrito por":"Prensa Web","Tiempo de lectura":"2 minutos"},"schema":{"@context":"https:\/\/schema.org","@graph":[{"@type":"Article","@id":"https:\/\/sauceviejo.gob.ar\/sauceonline\/pileta-semiolimpica-en-barrio-jorge-newbery\/#article","isPartOf":{"@id":"https:\/\/sauceviejo.gob.ar\/sauceonline\/pileta-semiolimpica-en-barrio-jorge-newbery\/"},"author":{"name":"Prensa Web","@id":"https:\/\/sauceviejo.gob.ar\/sauceonline\/#\/schema\/person\/33625cf4752491a8b66dd8120724b71e"},"headline":"PILETA SEMIOL\u00cdMPICA EN BARRIO JORGE NEWBERY","datePublished":"2025-09-04T11:44:58+00:00","dateModified":"2025-09-04T11:46:14+00:00","mainEntityOfPage":{"@id":"https:\/\/sauceviejo.gob.ar\/sauceonline\/pileta-semiolimpica-en-barrio-jorge-newbery\/"},"wordCount":236,"publisher":{"@id":"https:\/\/sauceviejo.gob.ar\/sauceonline\/#organization"},"image":{"@id":"https:\/\/sauceviejo.gob.ar\/sauceonline\/pileta-semiolimpica-en-barrio-jorge-newbery\/#primaryimage"},"thumbnailUrl":"https:\/\/sauceviejo.gob.ar\/sauceonline\/wp-content\/uploads\/2025\/09\/Pileta-Municipal-scaled.jpg","articleSection":["Deportes","Destacada de gobierno"],"inLanguage":"es"},{"@type":"WebPage","@id":"https:\/\/sauceviejo.gob.ar\/sauceonline\/pileta-semiolimpica-en-barrio-jorge-newbery\/","url":"https:\/\/sauceviejo.gob.ar\/sauceonline\/pileta-semiolimpica-en-barrio-jorge-newbery\/","name":"PILETA SEMIOL\u00cdMPICA EN BARRIO JORGE NEWBERY - Municipalidad de Sauce Viejo","isPartOf":{"@id":"https:\/\/sauceviejo.gob.ar\/sauceonline\/#website"},"primaryImageOfPage":{"@id":"https:\/\/sauceviejo.gob.ar\/sauceonline\/pileta-semiolimpica-en-barrio-jorge-newbery\/#primaryimage"},"image":{"@id":"https:\/\/sauceviejo.gob.ar\/sauceonline\/pileta-semiolimpica-en-barrio-jorge-newbery\/#primaryimage"},"thumbnailUrl":"https:\/\/sauceviejo.gob.ar\/sauceonline\/wp-content\/uploads\/2025\/09\/Pileta-Municipal-scaled.jpg","datePublished":"2025-09-04T11:44:58+00:00","dateModified":"2025-09-04T11:46:14+00:00","breadcrumb":{"@id":"https:\/\/sauceviejo.gob.ar\/sauceonline\/pileta-semiolimpica-en-barrio-jorge-newbery\/#breadcrumb"},"inLanguage":"es","potentialAction":[{"@type":"ReadAction","target":["https:\/\/sauceviejo.gob.ar\/sauceonline\/pileta-semiolimpica-en-barrio-jorge-newbery\/"]}]},{"@type":"ImageObject","inLanguage":"es","@id":"https:\/\/sauceviejo.gob.ar\/sauceonline\/pileta-semiolimpica-en-barrio-jorge-newbery\/#primaryimage","url":"https:\/\/sauceviejo.gob.ar\/sauceonline\/wp-content\/uploads\/2025\/09\/Pileta-Municipal-scaled.jpg","contentUrl":"https:\/\/sauceviejo.gob.ar\/sauceonline\/wp-content\/uploads\/2025\/09\/Pileta-Municipal-scaled.jpg","width":2560,"height":1440},{"@type":"BreadcrumbList","@id":"https:\/\/sauceviejo.gob.ar\/sauceonline\/pileta-semiolimpica-en-barrio-jorge-newbery\/#breadcrumb","itemListElement":[{"@type":"ListItem","position":1,"name":"Portada","item":"https:\/\/sauceviejo.gob.ar\/sauceonline\/"},{"@type":"ListItem","position":2,"name":"PILETA SEMIOL\u00cdMPICA EN BARRIO JORGE NEWBERY"}]},{"@type":"WebSite","@id":"https:\/\/sauceviejo.gob.ar\/sauceonline\/#website","url":"https:\/\/sauceviejo.gob.ar\/sauceonline\/","name":"Municipalidad de Sauce Viejo","description":"","publisher":{"@id":"https:\/\/sauceviejo.gob.ar\/sauceonline\/#organization"},"potentialAction":[{"@type":"SearchAction","target":{"@type":"EntryPoint","urlTemplate":"https:\/\/sauceviejo.gob.ar\/sauceonline\/?s={search_term_string}"},"query-input":{"@type":"PropertyValueSpecification","valueRequired":true,"valueName":"search_term_string"}}],"inLanguage":"es"},{"@type":"Organization","@id":"https:\/\/sauceviejo.gob.ar\/sauceonline\/#organization","name":"Municipalidad de Sauce Viejo","url":"https:\/\/sauceviejo.gob.ar\/sauceonline\/","logo":{"@type":"ImageObject","inLanguage":"es","@id":"https:\/\/sauceviejo.gob.ar\/sauceonline\/#\/schema\/logo\/image\/","url":"https:\/\/sauceviejo.gob.ar\/sauceonline\/wp-content\/uploads\/2024\/11\/Logo.png","contentUrl":"https:\/\/sauceviejo.gob.ar\/sauceonline\/wp-content\/uploads\/2024\/11\/Logo.png","width":225,"height":225,"caption":"Municipalidad de Sauce Viejo"},"image":{"@id":"https:\/\/sauceviejo.gob.ar\/sauceonline\/#\/schema\/logo\/image\/"},"sameAs":["https:\/\/www.facebook.com\/MunicipalidadDeSauceViejo","https:\/\/x.com\/sauceviejomuni"]},{"@type":"Person","@id":"https:\/\/sauceviejo.gob.ar\/sauceonline\/#\/schema\/person\/33625cf4752491a8b66dd8120724b71e","name":"Prensa Web","image":{"@type":"ImageObject","inLanguage":"es","@id":"https:\/\/sauceviejo.gob.ar\/sauceonline\/#\/schema\/person\/image\/","url":"https:\/\/secure.gravatar.com\/avatar\/7ba5177a9050ccba51d8fc0b040abd92?s=96&d=mm&r=g","contentUrl":"https:\/\/secure.gravatar.com\/avatar\/7ba5177a9050ccba51d8fc0b040abd92?s=96&d=mm&r=g","caption":"Prensa Web"},"url":"https:\/\/sauceviejo.gob.ar\/sauceonline\/author\/prensa-web\/"}]}},"uagb_featured_image_src":{"full":["https:\/\/sauceviejo.gob.ar\/sauceonline\/wp-content\/uploads\/2025\/09\/Pileta-Municipal-scaled.jpg",2560,1440,false],"thumbnail":["https:\/\/sauceviejo.gob.ar\/sauceonline\/wp-content\/uploads\/2025\/09\/Pileta-Municipal-150x150.jpg",150,150,true],"medium":["https:\/\/sauceviejo.gob.ar\/sauceonline\/wp-content\/uploads\/2025\/09\/Pileta-Municipal-300x169.jpg",300,169,true],"medium_large":["https:\/\/sauceviejo.gob.ar\/sauceonline\/wp-content\/uploads\/2025\/09\/Pileta-Municipal-768x432.jpg",768,432,true],"large":["https:\/\/sauceviejo.gob.ar\/sauceonline\/wp-content\/uploads\/2025\/09\/Pileta-Municipal-1024x576.jpg",1024,576,true],"1536x1536":["https:\/\/sauceviejo.gob.ar\/sauceonline\/wp-content\/uploads\/2025\/09\/Pileta-Municipal-1536x864.jpg",1536,864,true],"2048x2048":["https:\/\/sauceviejo.gob.ar\/sauceonline\/wp-content\/uploads\/2025\/09\/Pileta-Municipal-2048x1152.jpg",2048,1152,true],"ultp_layout_landscape_large":["https:\/\/sauceviejo.gob.ar\/sauceonline\/wp-content\/uploads\/2025\/09\/Pileta-Municipal-1200x800.jpg",1200,800,true],"ultp_layout_landscape":["https:\/\/sauceviejo.gob.ar\/sauceonline\/wp-content\/uploads\/2025\/09\/Pileta-Municipal-870x570.jpg",870,570,true],"ultp_layout_portrait":["https:\/\/sauceviejo.gob.ar\/sauceonline\/wp-content\/uploads\/2025\/09\/Pileta-Municipal-600x900.jpg",600,900,true],"ultp_layout_square":["https:\/\/sauceviejo.gob.ar\/sauceonline\/wp-content\/uploads\/2025\/09\/Pileta-Municipal-600x600.jpg",600,600,true]},"uagb_author_info":{"display_name":"Prensa Web","author_link":"https:\/\/sauceviejo.gob.ar\/sauceonline\/author\/prensa-web\/"},"uagb_comment_info":0,"uagb_excerpt":"Ya es una realidad Finaliz\u00f3 la primera etapa de la pileta semiol\u00edmpica municipal en Barrio Jorge Newbery Este lunes, el Intendente Mario Papaleo y el coordinador de Deportes Pedro Bisconti recorrieron la obra de finalizaci\u00f3n de la primera etapa de la pileta semiol\u00edmpica municipal, ubicada en el Barrio Jorge Newbery. Esta importante infraestructura fue posible...","_links":{"self":[{"href":"https:\/\/sauceviejo.gob.ar\/sauceonline\/wp-json\/wp\/v2\/posts\/10971","targetHints":{"allow":["GET"]}}],"collection":[{"href":"https:\/\/sauceviejo.gob.ar\/sauceonline\/wp-json\/wp\/v2\/posts"}],"about":[{"href":"https:\/\/sauceviejo.gob.ar\/sauceonline\/wp-json\/wp\/v2\/types\/post"}],"author":[{"embeddable":true,"href":"https:\/\/sauceviejo.gob.ar\/sauceonline\/wp-json\/wp\/v2\/users\/9"}],"replies":[{"embeddable":true,"href":"https:\/\/sauceviejo.gob.ar\/sauceonline\/wp-json\/wp\/v2\/comments?post=10971"}],"version-history":[{"count":2,"href":"https:\/\/sauceviejo.gob.ar\/sauceonline\/wp-json\/wp\/v2\/posts\/10971\/revisions"}],"predecessor-version":[{"id":10974,"href":"https:\/\/sauceviejo.gob.ar\/sauceonline\/wp-json\/wp\/v2\/posts\/10971\/revisions\/10974"}],"wp:featuredmedia":[{"embeddable":true,"href":"https:\/\/sauceviejo.gob.ar\/sauceonline\/wp-json\/wp\/v2\/media\/10972"}],"wp:attachment":[{"href":"https:\/\/sauceviejo.gob.ar\/sauceonline\/wp-json\/wp\/v2\/media?parent=10971"}],"wp:term":[{"taxonomy":"category","embeddable":true,"href":"https:\/\/sauceviejo.gob.ar\/sauceonline\/wp-json\/wp\/v2\/categories?post=10971"},{"taxonomy":"post_tag","embeddable":true,"href":"https:\/\/sauceviejo.gob.ar\/sauceonline\/wp-json\/wp\/v2\/tags?post=10971"}],"curies":[{"name":"wp","href":"https:\/\/api.w.org\/{rel}","templated":true}]}}