{"id":11014,"date":"2025-11-27T08:59:16","date_gmt":"2025-11-27T11:59:16","guid":{"rendered":"https:\/\/sauceviejo.gob.ar\/sauceonline\/?p=11014"},"modified":"2025-11-27T09:02:40","modified_gmt":"2025-11-27T12:02:40","slug":"caso-francisco-villagoiz","status":"publish","type":"post","link":"https:\/\/sauceviejo.gob.ar\/sauceonline\/caso-francisco-villagoiz\/","title":{"rendered":"Caso Francisco Villagoiz"},"content":{"rendered":"<!-- VideographyWP Plugin Message: Automatic video embedding prevented by plugin options. -->\n\n<p>El Ministerio P\u00fablico de la Acusaci\u00f3n (MPA) hizo p\u00fablicas las im\u00e1genes de tres hombres sospechados de ser coautores del homicidio de Francisco Villagoiz, ocurrido durante la madrugada del s\u00e1bado 13 de septiembre en su vivienda de Sauce Viejo.<\/p>\n\n\n\n<figure class=\"wp-block-embed is-type-video is-provider-youtube wp-block-embed-youtube wp-embed-aspect-16-9 wp-has-aspect-ratio\"><div class=\"wp-block-embed__wrapper\">\n<iframe loading=\"lazy\" title=\"#Colaboraci\u00f3n | Identificaci\u00f3n de tres hombres sospechados del homicidio de Francisco Villagoiz\" width=\"720\" height=\"405\" src=\"https:\/\/www.youtube.com\/embed\/GczRI-LSxtU?feature=oembed\" frameborder=\"0\" allow=\"accelerometer; autoplay; clipboard-write; encrypted-media; gyroscope; picture-in-picture; web-share\" referrerpolicy=\"strict-origin-when-cross-origin\" allowfullscreen><\/iframe>\n<\/div><\/figure>\n\n\n\n<p>La medida busca que la ciudadan\u00eda pueda aportar informaci\u00f3n que permita identificar y localizar a los sospechosos, con el objetivo de avanzar en el esclarecimiento\u00a0del\u00a0caso<\/p>\n","protected":false},"excerpt":{"rendered":"<p>El Ministerio P\u00fablico de la Acusaci\u00f3n (MPA) hizo p\u00fablicas las im\u00e1genes de tres hombres sospechados de ser coautores del homicidio de Francisco Villagoiz, ocurrido durante la madrugada del s\u00e1bado 13 de septiembre en su vivienda de Sauce Viejo. La medida busca que la ciudadan\u00eda pueda aportar informaci\u00f3n que permita identificar y localizar a los sospechosos,&#8230;<\/p>\n","protected":false},"author":9,"featured_media":11015,"comment_status":"closed","ping_status":"closed","sticky":false,"template":"","format":"standard","meta":{"_uag_custom_page_level_css":"","_kad_post_transparent":"","_kad_post_title":"","_kad_post_layout":"","_kad_post_sidebar_id":"","_kad_post_content_style":"","_kad_post_vertical_padding":"","_kad_post_feature":"","_kad_post_feature_position":"","_kad_post_header":false,"_kad_post_footer":false,"_kad_post_classname":"","footnotes":""},"categories":[50,86],"tags":[],"class_list":["post-11014","post","type-post","status-publish","format-standard","has-post-thumbnail","hentry","category-destacadad","category-seguridad"],"yoast_head":"<!-- This site is optimized with the Yoast SEO plugin v25.2 - https:\/\/yoast.com\/wordpress\/plugins\/seo\/ -->\n<title>Caso Francisco Villagoiz - Municipalidad de Sauce Viejo<\/title>\n<meta name=\"robots\" content=\"index, follow, max-snippet:-1, max-image-preview:large, max-video-preview:-1\" \/>\n<link rel=\"canonical\" href=\"https:\/\/sauceviejo.gob.ar\/sauceonline\/caso-francisco-villagoiz\/\" \/>\n<meta property=\"og:locale\" content=\"es_ES\" \/>\n<meta property=\"og:type\" content=\"article\" \/>\n<meta property=\"og:title\" content=\"Caso Francisco Villagoiz - Municipalidad de Sauce Viejo\" \/>\n<meta property=\"og:description\" content=\"El Ministerio P\u00fablico de la Acusaci\u00f3n (MPA) hizo p\u00fablicas las im\u00e1genes de tres hombres sospechados de ser coautores del homicidio de Francisco Villagoiz, ocurrido durante la madrugada del s\u00e1bado 13 de septiembre en su vivienda de Sauce Viejo. La medida busca que la ciudadan\u00eda pueda aportar informaci\u00f3n que permita identificar y localizar a los sospechosos,...\" \/>\n<meta property=\"og:url\" content=\"https:\/\/sauceviejo.gob.ar\/sauceonline\/caso-francisco-villagoiz\/\" \/>\n<meta property=\"og:site_name\" content=\"Municipalidad de Sauce Viejo\" \/>\n<meta property=\"article:publisher\" content=\"https:\/\/www.facebook.com\/MunicipalidadDeSauceViejo\" \/>\n<meta property=\"article:published_time\" content=\"2025-11-27T11:59:16+00:00\" \/>\n<meta property=\"article:modified_time\" content=\"2025-11-27T12:02:40+00:00\" \/>\n<meta property=\"og:image\" content=\"https:\/\/sauceviejo.gob.ar\/sauceonline\/wp-content\/uploads\/2025\/11\/MPA.png\" \/>\n\t<meta property=\"og:image:width\" content=\"1859\" \/>\n\t<meta property=\"og:image:height\" content=\"885\" \/>\n\t<meta property=\"og:image:type\" content=\"image\/png\" \/>\n<meta name=\"author\" content=\"Prensa Web\" \/>\n<meta name=\"twitter:card\" content=\"summary_large_image\" \/>\n<meta name=\"twitter:creator\" content=\"@sauceviejomuni\" \/>\n<meta name=\"twitter:site\" content=\"@sauceviejomuni\" \/>\n<meta name=\"twitter:label1\" content=\"Escrito por\" \/>\n\t<meta name=\"twitter:data1\" content=\"Prensa Web\" \/>\n\t<meta name=\"twitter:label2\" content=\"Tiempo de lectura\" \/>\n\t<meta name=\"twitter:data2\" content=\"1 minuto\" \/>\n<script type=\"application\/ld+json\" class=\"yoast-schema-graph\">{\"@context\":\"https:\/\/schema.org\",\"@graph\":[{\"@type\":\"Article\",\"@id\":\"https:\/\/sauceviejo.gob.ar\/sauceonline\/caso-francisco-villagoiz\/#article\",\"isPartOf\":{\"@id\":\"https:\/\/sauceviejo.gob.ar\/sauceonline\/caso-francisco-villagoiz\/\"},\"author\":{\"name\":\"Prensa Web\",\"@id\":\"https:\/\/sauceviejo.gob.ar\/sauceonline\/#\/schema\/person\/33625cf4752491a8b66dd8120724b71e\"},\"headline\":\"Caso Francisco Villagoiz\",\"datePublished\":\"2025-11-27T11:59:16+00:00\",\"dateModified\":\"2025-11-27T12:02:40+00:00\",\"mainEntityOfPage\":{\"@id\":\"https:\/\/sauceviejo.gob.ar\/sauceonline\/caso-francisco-villagoiz\/\"},\"wordCount\":81,\"publisher\":{\"@id\":\"https:\/\/sauceviejo.gob.ar\/sauceonline\/#organization\"},\"image\":{\"@id\":\"https:\/\/sauceviejo.gob.ar\/sauceonline\/caso-francisco-villagoiz\/#primaryimage\"},\"thumbnailUrl\":\"https:\/\/sauceviejo.gob.ar\/sauceonline\/wp-content\/uploads\/2025\/11\/MPA.png\",\"articleSection\":[\"Destacada de gobierno\",\"Seguridad\"],\"inLanguage\":\"es\"},{\"@type\":\"WebPage\",\"@id\":\"https:\/\/sauceviejo.gob.ar\/sauceonline\/caso-francisco-villagoiz\/\",\"url\":\"https:\/\/sauceviejo.gob.ar\/sauceonline\/caso-francisco-villagoiz\/\",\"name\":\"Caso Francisco Villagoiz - Municipalidad de Sauce Viejo\",\"isPartOf\":{\"@id\":\"https:\/\/sauceviejo.gob.ar\/sauceonline\/#website\"},\"primaryImageOfPage\":{\"@id\":\"https:\/\/sauceviejo.gob.ar\/sauceonline\/caso-francisco-villagoiz\/#primaryimage\"},\"image\":{\"@id\":\"https:\/\/sauceviejo.gob.ar\/sauceonline\/caso-francisco-villagoiz\/#primaryimage\"},\"thumbnailUrl\":\"https:\/\/sauceviejo.gob.ar\/sauceonline\/wp-content\/uploads\/2025\/11\/MPA.png\",\"datePublished\":\"2025-11-27T11:59:16+00:00\",\"dateModified\":\"2025-11-27T12:02:40+00:00\",\"breadcrumb\":{\"@id\":\"https:\/\/sauceviejo.gob.ar\/sauceonline\/caso-francisco-villagoiz\/#breadcrumb\"},\"inLanguage\":\"es\",\"potentialAction\":[{\"@type\":\"ReadAction\",\"target\":[\"https:\/\/sauceviejo.gob.ar\/sauceonline\/caso-francisco-villagoiz\/\"]}]},{\"@type\":\"ImageObject\",\"inLanguage\":\"es\",\"@id\":\"https:\/\/sauceviejo.gob.ar\/sauceonline\/caso-francisco-villagoiz\/#primaryimage\",\"url\":\"https:\/\/sauceviejo.gob.ar\/sauceonline\/wp-content\/uploads\/2025\/11\/MPA.png\",\"contentUrl\":\"https:\/\/sauceviejo.gob.ar\/sauceonline\/wp-content\/uploads\/2025\/11\/MPA.png\",\"width\":1859,\"height\":885},{\"@type\":\"BreadcrumbList\",\"@id\":\"https:\/\/sauceviejo.gob.ar\/sauceonline\/caso-francisco-villagoiz\/#breadcrumb\",\"itemListElement\":[{\"@type\":\"ListItem\",\"position\":1,\"name\":\"Portada\",\"item\":\"https:\/\/sauceviejo.gob.ar\/sauceonline\/\"},{\"@type\":\"ListItem\",\"position\":2,\"name\":\"Caso Francisco Villagoiz\"}]},{\"@type\":\"WebSite\",\"@id\":\"https:\/\/sauceviejo.gob.ar\/sauceonline\/#website\",\"url\":\"https:\/\/sauceviejo.gob.ar\/sauceonline\/\",\"name\":\"Municipalidad de Sauce Viejo\",\"description\":\"\",\"publisher\":{\"@id\":\"https:\/\/sauceviejo.gob.ar\/sauceonline\/#organization\"},\"potentialAction\":[{\"@type\":\"SearchAction\",\"target\":{\"@type\":\"EntryPoint\",\"urlTemplate\":\"https:\/\/sauceviejo.gob.ar\/sauceonline\/?s={search_term_string}\"},\"query-input\":{\"@type\":\"PropertyValueSpecification\",\"valueRequired\":true,\"valueName\":\"search_term_string\"}}],\"inLanguage\":\"es\"},{\"@type\":\"Organization\",\"@id\":\"https:\/\/sauceviejo.gob.ar\/sauceonline\/#organization\",\"name\":\"Municipalidad de Sauce Viejo\",\"url\":\"https:\/\/sauceviejo.gob.ar\/sauceonline\/\",\"logo\":{\"@type\":\"ImageObject\",\"inLanguage\":\"es\",\"@id\":\"https:\/\/sauceviejo.gob.ar\/sauceonline\/#\/schema\/logo\/image\/\",\"url\":\"https:\/\/sauceviejo.gob.ar\/sauceonline\/wp-content\/uploads\/2024\/11\/Logo.png\",\"contentUrl\":\"https:\/\/sauceviejo.gob.ar\/sauceonline\/wp-content\/uploads\/2024\/11\/Logo.png\",\"width\":225,\"height\":225,\"caption\":\"Municipalidad de Sauce Viejo\"},\"image\":{\"@id\":\"https:\/\/sauceviejo.gob.ar\/sauceonline\/#\/schema\/logo\/image\/\"},\"sameAs\":[\"https:\/\/www.facebook.com\/MunicipalidadDeSauceViejo\",\"https:\/\/x.com\/sauceviejomuni\"]},{\"@type\":\"Person\",\"@id\":\"https:\/\/sauceviejo.gob.ar\/sauceonline\/#\/schema\/person\/33625cf4752491a8b66dd8120724b71e\",\"name\":\"Prensa Web\",\"image\":{\"@type\":\"ImageObject\",\"inLanguage\":\"es\",\"@id\":\"https:\/\/sauceviejo.gob.ar\/sauceonline\/#\/schema\/person\/image\/\",\"url\":\"https:\/\/secure.gravatar.com\/avatar\/7ba5177a9050ccba51d8fc0b040abd92?s=96&d=mm&r=g\",\"contentUrl\":\"https:\/\/secure.gravatar.com\/avatar\/7ba5177a9050ccba51d8fc0b040abd92?s=96&d=mm&r=g\",\"caption\":\"Prensa Web\"},\"url\":\"https:\/\/sauceviejo.gob.ar\/sauceonline\/author\/prensa-web\/\"}]}<\/script>\n<!-- \/ Yoast SEO plugin. -->","yoast_head_json":{"title":"Caso Francisco Villagoiz - Municipalidad de Sauce Viejo","robots":{"index":"index","follow":"follow","max-snippet":"max-snippet:-1","max-image-preview":"max-image-preview:large","max-video-preview":"max-video-preview:-1"},"canonical":"https:\/\/sauceviejo.gob.ar\/sauceonline\/caso-francisco-villagoiz\/","og_locale":"es_ES","og_type":"article","og_title":"Caso Francisco Villagoiz - Municipalidad de Sauce Viejo","og_description":"El Ministerio P\u00fablico de la Acusaci\u00f3n (MPA) hizo p\u00fablicas las im\u00e1genes de tres hombres sospechados de ser coautores del homicidio de Francisco Villagoiz, ocurrido durante la madrugada del s\u00e1bado 13 de septiembre en su vivienda de Sauce Viejo. La medida busca que la ciudadan\u00eda pueda aportar informaci\u00f3n que permita identificar y localizar a los sospechosos,...","og_url":"https:\/\/sauceviejo.gob.ar\/sauceonline\/caso-francisco-villagoiz\/","og_site_name":"Municipalidad de Sauce Viejo","article_publisher":"https:\/\/www.facebook.com\/MunicipalidadDeSauceViejo","article_published_time":"2025-11-27T11:59:16+00:00","article_modified_time":"2025-11-27T12:02:40+00:00","og_image":[{"width":1859,"height":885,"url":"https:\/\/sauceviejo.gob.ar\/sauceonline\/wp-content\/uploads\/2025\/11\/MPA.png","type":"image\/png"}],"author":"Prensa Web","twitter_card":"summary_large_image","twitter_creator":"@sauceviejomuni","twitter_site":"@sauceviejomuni","twitter_misc":{"Escrito por":"Prensa Web","Tiempo de lectura":"1 minuto"},"schema":{"@context":"https:\/\/schema.org","@graph":[{"@type":"Article","@id":"https:\/\/sauceviejo.gob.ar\/sauceonline\/caso-francisco-villagoiz\/#article","isPartOf":{"@id":"https:\/\/sauceviejo.gob.ar\/sauceonline\/caso-francisco-villagoiz\/"},"author":{"name":"Prensa Web","@id":"https:\/\/sauceviejo.gob.ar\/sauceonline\/#\/schema\/person\/33625cf4752491a8b66dd8120724b71e"},"headline":"Caso Francisco Villagoiz","datePublished":"2025-11-27T11:59:16+00:00","dateModified":"2025-11-27T12:02:40+00:00","mainEntityOfPage":{"@id":"https:\/\/sauceviejo.gob.ar\/sauceonline\/caso-francisco-villagoiz\/"},"wordCount":81,"publisher":{"@id":"https:\/\/sauceviejo.gob.ar\/sauceonline\/#organization"},"image":{"@id":"https:\/\/sauceviejo.gob.ar\/sauceonline\/caso-francisco-villagoiz\/#primaryimage"},"thumbnailUrl":"https:\/\/sauceviejo.gob.ar\/sauceonline\/wp-content\/uploads\/2025\/11\/MPA.png","articleSection":["Destacada de gobierno","Seguridad"],"inLanguage":"es"},{"@type":"WebPage","@id":"https:\/\/sauceviejo.gob.ar\/sauceonline\/caso-francisco-villagoiz\/","url":"https:\/\/sauceviejo.gob.ar\/sauceonline\/caso-francisco-villagoiz\/","name":"Caso Francisco Villagoiz - Municipalidad de Sauce Viejo","isPartOf":{"@id":"https:\/\/sauceviejo.gob.ar\/sauceonline\/#website"},"primaryImageOfPage":{"@id":"https:\/\/sauceviejo.gob.ar\/sauceonline\/caso-francisco-villagoiz\/#primaryimage"},"image":{"@id":"https:\/\/sauceviejo.gob.ar\/sauceonline\/caso-francisco-villagoiz\/#primaryimage"},"thumbnailUrl":"https:\/\/sauceviejo.gob.ar\/sauceonline\/wp-content\/uploads\/2025\/11\/MPA.png","datePublished":"2025-11-27T11:59:16+00:00","dateModified":"2025-11-27T12:02:40+00:00","breadcrumb":{"@id":"https:\/\/sauceviejo.gob.ar\/sauceonline\/caso-francisco-villagoiz\/#breadcrumb"},"inLanguage":"es","potentialAction":[{"@type":"ReadAction","target":["https:\/\/sauceviejo.gob.ar\/sauceonline\/caso-francisco-villagoiz\/"]}]},{"@type":"ImageObject","inLanguage":"es","@id":"https:\/\/sauceviejo.gob.ar\/sauceonline\/caso-francisco-villagoiz\/#primaryimage","url":"https:\/\/sauceviejo.gob.ar\/sauceonline\/wp-content\/uploads\/2025\/11\/MPA.png","contentUrl":"https:\/\/sauceviejo.gob.ar\/sauceonline\/wp-content\/uploads\/2025\/11\/MPA.png","width":1859,"height":885},{"@type":"BreadcrumbList","@id":"https:\/\/sauceviejo.gob.ar\/sauceonline\/caso-francisco-villagoiz\/#breadcrumb","itemListElement":[{"@type":"ListItem","position":1,"name":"Portada","item":"https:\/\/sauceviejo.gob.ar\/sauceonline\/"},{"@type":"ListItem","position":2,"name":"Caso Francisco Villagoiz"}]},{"@type":"WebSite","@id":"https:\/\/sauceviejo.gob.ar\/sauceonline\/#website","url":"https:\/\/sauceviejo.gob.ar\/sauceonline\/","name":"Municipalidad de Sauce Viejo","description":"","publisher":{"@id":"https:\/\/sauceviejo.gob.ar\/sauceonline\/#organization"},"potentialAction":[{"@type":"SearchAction","target":{"@type":"EntryPoint","urlTemplate":"https:\/\/sauceviejo.gob.ar\/sauceonline\/?s={search_term_string}"},"query-input":{"@type":"PropertyValueSpecification","valueRequired":true,"valueName":"search_term_string"}}],"inLanguage":"es"},{"@type":"Organization","@id":"https:\/\/sauceviejo.gob.ar\/sauceonline\/#organization","name":"Municipalidad de Sauce Viejo","url":"https:\/\/sauceviejo.gob.ar\/sauceonline\/","logo":{"@type":"ImageObject","inLanguage":"es","@id":"https:\/\/sauceviejo.gob.ar\/sauceonline\/#\/schema\/logo\/image\/","url":"https:\/\/sauceviejo.gob.ar\/sauceonline\/wp-content\/uploads\/2024\/11\/Logo.png","contentUrl":"https:\/\/sauceviejo.gob.ar\/sauceonline\/wp-content\/uploads\/2024\/11\/Logo.png","width":225,"height":225,"caption":"Municipalidad de Sauce Viejo"},"image":{"@id":"https:\/\/sauceviejo.gob.ar\/sauceonline\/#\/schema\/logo\/image\/"},"sameAs":["https:\/\/www.facebook.com\/MunicipalidadDeSauceViejo","https:\/\/x.com\/sauceviejomuni"]},{"@type":"Person","@id":"https:\/\/sauceviejo.gob.ar\/sauceonline\/#\/schema\/person\/33625cf4752491a8b66dd8120724b71e","name":"Prensa Web","image":{"@type":"ImageObject","inLanguage":"es","@id":"https:\/\/sauceviejo.gob.ar\/sauceonline\/#\/schema\/person\/image\/","url":"https:\/\/secure.gravatar.com\/avatar\/7ba5177a9050ccba51d8fc0b040abd92?s=96&d=mm&r=g","contentUrl":"https:\/\/secure.gravatar.com\/avatar\/7ba5177a9050ccba51d8fc0b040abd92?s=96&d=mm&r=g","caption":"Prensa Web"},"url":"https:\/\/sauceviejo.gob.ar\/sauceonline\/author\/prensa-web\/"}]}},"uagb_featured_image_src":{"full":["https:\/\/sauceviejo.gob.ar\/sauceonline\/wp-content\/uploads\/2025\/11\/MPA.png",1859,885,false],"thumbnail":["https:\/\/sauceviejo.gob.ar\/sauceonline\/wp-content\/uploads\/2025\/11\/MPA-150x150.png",150,150,true],"medium":["https:\/\/sauceviejo.gob.ar\/sauceonline\/wp-content\/uploads\/2025\/11\/MPA-300x143.png",300,143,true],"medium_large":["https:\/\/sauceviejo.gob.ar\/sauceonline\/wp-content\/uploads\/2025\/11\/MPA-768x366.png",768,366,true],"large":["https:\/\/sauceviejo.gob.ar\/sauceonline\/wp-content\/uploads\/2025\/11\/MPA-1024x487.png",1024,487,true],"1536x1536":["https:\/\/sauceviejo.gob.ar\/sauceonline\/wp-content\/uploads\/2025\/11\/MPA-1536x731.png",1536,731,true],"2048x2048":["https:\/\/sauceviejo.gob.ar\/sauceonline\/wp-content\/uploads\/2025\/11\/MPA.png",1859,885,false],"ultp_layout_landscape_large":["https:\/\/sauceviejo.gob.ar\/sauceonline\/wp-content\/uploads\/2025\/11\/MPA-1200x800.png",1200,800,true],"ultp_layout_landscape":["https:\/\/sauceviejo.gob.ar\/sauceonline\/wp-content\/uploads\/2025\/11\/MPA-870x570.png",870,570,true],"ultp_layout_portrait":["https:\/\/sauceviejo.gob.ar\/sauceonline\/wp-content\/uploads\/2025\/11\/MPA-600x885.png",600,885,true],"ultp_layout_square":["https:\/\/sauceviejo.gob.ar\/sauceonline\/wp-content\/uploads\/2025\/11\/MPA-600x600.png",600,600,true]},"uagb_author_info":{"display_name":"Prensa Web","author_link":"https:\/\/sauceviejo.gob.ar\/sauceonline\/author\/prensa-web\/"},"uagb_comment_info":0,"uagb_excerpt":"El Ministerio P\u00fablico de la Acusaci\u00f3n (MPA) hizo p\u00fablicas las im\u00e1genes de tres hombres sospechados de ser coautores del homicidio de Francisco Villagoiz, ocurrido durante la madrugada del s\u00e1bado 13 de septiembre en su vivienda de Sauce Viejo. La medida busca que la ciudadan\u00eda pueda aportar informaci\u00f3n que permita identificar y localizar a los sospechosos,...","_links":{"self":[{"href":"https:\/\/sauceviejo.gob.ar\/sauceonline\/wp-json\/wp\/v2\/posts\/11014","targetHints":{"allow":["GET"]}}],"collection":[{"href":"https:\/\/sauceviejo.gob.ar\/sauceonline\/wp-json\/wp\/v2\/posts"}],"about":[{"href":"https:\/\/sauceviejo.gob.ar\/sauceonline\/wp-json\/wp\/v2\/types\/post"}],"author":[{"embeddable":true,"href":"https:\/\/sauceviejo.gob.ar\/sauceonline\/wp-json\/wp\/v2\/users\/9"}],"replies":[{"embeddable":true,"href":"https:\/\/sauceviejo.gob.ar\/sauceonline\/wp-json\/wp\/v2\/comments?post=11014"}],"version-history":[{"count":1,"href":"https:\/\/sauceviejo.gob.ar\/sauceonline\/wp-json\/wp\/v2\/posts\/11014\/revisions"}],"predecessor-version":[{"id":11016,"href":"https:\/\/sauceviejo.gob.ar\/sauceonline\/wp-json\/wp\/v2\/posts\/11014\/revisions\/11016"}],"wp:featuredmedia":[{"embeddable":true,"href":"https:\/\/sauceviejo.gob.ar\/sauceonline\/wp-json\/wp\/v2\/media\/11015"}],"wp:attachment":[{"href":"https:\/\/sauceviejo.gob.ar\/sauceonline\/wp-json\/wp\/v2\/media?parent=11014"}],"wp:term":[{"taxonomy":"category","embeddable":true,"href":"https:\/\/sauceviejo.gob.ar\/sauceonline\/wp-json\/wp\/v2\/categories?post=11014"},{"taxonomy":"post_tag","embeddable":true,"href":"https:\/\/sauceviejo.gob.ar\/sauceonline\/wp-json\/wp\/v2\/tags?post=11014"}],"curies":[{"name":"wp","href":"https:\/\/api.w.org\/{rel}","templated":true}]}}