{"id":7425,"date":"2023-11-29T08:28:30","date_gmt":"2023-11-29T11:28:30","guid":{"rendered":"https:\/\/sauceviejo.gob.ar\/sauceonline\/?p=7425"},"modified":"2023-11-29T10:56:25","modified_gmt":"2023-11-29T13:56:25","slug":"el-viernes-se-inaugura-la-obra-de-agua-potable-para-tres-barrios-de-sauce-viejo","status":"publish","type":"post","link":"https:\/\/sauceviejo.gob.ar\/sauceonline\/el-viernes-se-inaugura-la-obra-de-agua-potable-para-tres-barrios-de-sauce-viejo\/","title":{"rendered":"EL VIERNES SE INAUGURA LA OBRA DE AGUA POTABLE PARA TRES BARRIOS DE SAUCE VIEJO"},"content":{"rendered":"<!-- VideographyWP Plugin Message: Automatic video embedding prevented by plugin options. -->\n\n<p><\/p>\n\n\n\n<p>El pr\u00f3ximo viernes 1\u00b0 de diciembre a las 9 hs en las instalaciones de Austria esquina Portugal, el intendente Mario Papaleo inaugurar\u00e1 la obra de agua potable.<br>Tiempo atr\u00e1s el Departamento Ejecutivo Municipal hab\u00eda tomado posesi\u00f3n de la obra de agua potable del acueducto provincial Desv\u00edo Arijon.<br>En esta etapa ser\u00e1n beneficiarios los vecinos de Barrios J. Newbery, Nueva Detroit y Altos del Sauce.<br>Est\u00e1 encaminada la colocaci\u00f3n de medidores a instancias de la habilitaci\u00f3n del servicio.<\/p>\n\n\n\n<figure class=\"wp-block-image size-large\"><a href=\"https:\/\/sauceviejo.gob.ar\/sauceonline\/wp-content\/uploads\/2023\/11\/WhatsApp-Image-2023-11-28-at-9.08.23-AM-1-1.jpeg\"><img loading=\"lazy\" decoding=\"async\" width=\"768\" height=\"1024\" src=\"https:\/\/sauceviejo.gob.ar\/sauceonline\/wp-content\/uploads\/2023\/11\/WhatsApp-Image-2023-11-28-at-9.08.23-AM-1-1-768x1024.jpeg\" alt=\"\" class=\"wp-image-7427\" srcset=\"https:\/\/sauceviejo.gob.ar\/sauceonline\/wp-content\/uploads\/2023\/11\/WhatsApp-Image-2023-11-28-at-9.08.23-AM-1-1-768x1024.jpeg 768w, https:\/\/sauceviejo.gob.ar\/sauceonline\/wp-content\/uploads\/2023\/11\/WhatsApp-Image-2023-11-28-at-9.08.23-AM-1-1-225x300.jpeg 225w, https:\/\/sauceviejo.gob.ar\/sauceonline\/wp-content\/uploads\/2023\/11\/WhatsApp-Image-2023-11-28-at-9.08.23-AM-1-1-1152x1536.jpeg 1152w, https:\/\/sauceviejo.gob.ar\/sauceonline\/wp-content\/uploads\/2023\/11\/WhatsApp-Image-2023-11-28-at-9.08.23-AM-1-1.jpeg 1200w\" sizes=\"auto, (max-width: 768px) 100vw, 768px\" \/><\/a><\/figure>\n","protected":false},"excerpt":{"rendered":"<p>El pr\u00f3ximo viernes 1\u00b0 de diciembre a las 9 hs en las instalaciones de Austria esquina Portugal, el intendente Mario Papaleo inaugurar\u00e1 la obra de agua potable.Tiempo atr\u00e1s el Departamento Ejecutivo Municipal hab\u00eda tomado posesi\u00f3n de la obra de agua potable del acueducto provincial Desv\u00edo Arijon.En esta etapa ser\u00e1n beneficiarios los vecinos de Barrios J&#8230;.<\/p>\n","protected":false},"author":2,"featured_media":7426,"comment_status":"closed","ping_status":"closed","sticky":false,"template":"","format":"standard","meta":{"_uag_custom_page_level_css":"","_kad_post_transparent":"","_kad_post_title":"","_kad_post_layout":"","_kad_post_sidebar_id":"","_kad_post_content_style":"","_kad_post_vertical_padding":"","_kad_post_feature":"","_kad_post_feature_position":"","_kad_post_header":false,"_kad_post_footer":false,"_kad_post_classname":"","footnotes":""},"categories":[41,50,30],"tags":[],"class_list":["post-7425","post","type-post","status-publish","format-standard","has-post-thumbnail","hentry","category-servicios","category-destacadad","category-gobierno"],"yoast_head":"<!-- This site is optimized with the Yoast SEO plugin v25.2 - https:\/\/yoast.com\/wordpress\/plugins\/seo\/ -->\n<title>EL VIERNES SE INAUGURA LA OBRA DE AGUA POTABLE PARA TRES BARRIOS DE SAUCE VIEJO - Municipalidad de Sauce Viejo<\/title>\n<meta name=\"robots\" content=\"index, follow, max-snippet:-1, max-image-preview:large, max-video-preview:-1\" \/>\n<link rel=\"canonical\" href=\"https:\/\/sauceviejo.gob.ar\/sauceonline\/el-viernes-se-inaugura-la-obra-de-agua-potable-para-tres-barrios-de-sauce-viejo\/\" \/>\n<meta property=\"og:locale\" content=\"es_ES\" \/>\n<meta property=\"og:type\" content=\"article\" \/>\n<meta property=\"og:title\" content=\"EL VIERNES SE INAUGURA LA OBRA DE AGUA POTABLE PARA TRES BARRIOS DE SAUCE VIEJO - Municipalidad de Sauce Viejo\" \/>\n<meta property=\"og:description\" content=\"El pr\u00f3ximo viernes 1\u00b0 de diciembre a las 9 hs en las instalaciones de Austria esquina Portugal, el intendente Mario Papaleo inaugurar\u00e1 la obra de agua potable.Tiempo atr\u00e1s el Departamento Ejecutivo Municipal hab\u00eda tomado posesi\u00f3n de la obra de agua potable del acueducto provincial Desv\u00edo Arijon.En esta etapa ser\u00e1n beneficiarios los vecinos de Barrios J....\" \/>\n<meta property=\"og:url\" content=\"https:\/\/sauceviejo.gob.ar\/sauceonline\/el-viernes-se-inaugura-la-obra-de-agua-potable-para-tres-barrios-de-sauce-viejo\/\" \/>\n<meta property=\"og:site_name\" content=\"Municipalidad de Sauce Viejo\" \/>\n<meta property=\"article:publisher\" content=\"https:\/\/www.facebook.com\/MunicipalidadDeSauceViejo\" \/>\n<meta property=\"article:published_time\" content=\"2023-11-29T11:28:30+00:00\" \/>\n<meta property=\"article:modified_time\" content=\"2023-11-29T13:56:25+00:00\" \/>\n<meta property=\"og:image\" content=\"https:\/\/sauceviejo.gob.ar\/sauceonline\/wp-content\/uploads\/2023\/11\/WhatsApp-Image-2023-11-28-at-9.08.23-AM-1.jpeg\" \/>\n\t<meta property=\"og:image:width\" content=\"1200\" \/>\n\t<meta property=\"og:image:height\" content=\"1600\" \/>\n\t<meta property=\"og:image:type\" content=\"image\/jpeg\" \/>\n<meta name=\"author\" content=\"Pablo Bellafronte\" \/>\n<meta name=\"twitter:card\" content=\"summary_large_image\" \/>\n<meta name=\"twitter:creator\" content=\"@sauceviejomuni\" \/>\n<meta name=\"twitter:site\" content=\"@sauceviejomuni\" \/>\n<meta name=\"twitter:label1\" content=\"Escrito por\" \/>\n\t<meta name=\"twitter:data1\" content=\"Pablo Bellafronte\" \/>\n<script type=\"application\/ld+json\" class=\"yoast-schema-graph\">{\"@context\":\"https:\/\/schema.org\",\"@graph\":[{\"@type\":\"Article\",\"@id\":\"https:\/\/sauceviejo.gob.ar\/sauceonline\/el-viernes-se-inaugura-la-obra-de-agua-potable-para-tres-barrios-de-sauce-viejo\/#article\",\"isPartOf\":{\"@id\":\"https:\/\/sauceviejo.gob.ar\/sauceonline\/el-viernes-se-inaugura-la-obra-de-agua-potable-para-tres-barrios-de-sauce-viejo\/\"},\"author\":{\"name\":\"Pablo Bellafronte\",\"@id\":\"https:\/\/sauceviejo.gob.ar\/sauceonline\/#\/schema\/person\/239c5060bf1e396a9f654969eec68003\"},\"headline\":\"EL VIERNES SE INAUGURA LA OBRA DE AGUA POTABLE PARA TRES BARRIOS DE SAUCE VIEJO\",\"datePublished\":\"2023-11-29T11:28:30+00:00\",\"dateModified\":\"2023-11-29T13:56:25+00:00\",\"mainEntityOfPage\":{\"@id\":\"https:\/\/sauceviejo.gob.ar\/sauceonline\/el-viernes-se-inaugura-la-obra-de-agua-potable-para-tres-barrios-de-sauce-viejo\/\"},\"wordCount\":98,\"publisher\":{\"@id\":\"https:\/\/sauceviejo.gob.ar\/sauceonline\/#organization\"},\"image\":{\"@id\":\"https:\/\/sauceviejo.gob.ar\/sauceonline\/el-viernes-se-inaugura-la-obra-de-agua-potable-para-tres-barrios-de-sauce-viejo\/#primaryimage\"},\"thumbnailUrl\":\"https:\/\/sauceviejo.gob.ar\/sauceonline\/wp-content\/uploads\/2023\/11\/WhatsApp-Image-2023-11-28-at-9.08.23-AM-1.jpeg\",\"articleSection\":[\"Actividades y Servicios\",\"Destacada de gobierno\",\"Gobierno\"],\"inLanguage\":\"es\"},{\"@type\":\"WebPage\",\"@id\":\"https:\/\/sauceviejo.gob.ar\/sauceonline\/el-viernes-se-inaugura-la-obra-de-agua-potable-para-tres-barrios-de-sauce-viejo\/\",\"url\":\"https:\/\/sauceviejo.gob.ar\/sauceonline\/el-viernes-se-inaugura-la-obra-de-agua-potable-para-tres-barrios-de-sauce-viejo\/\",\"name\":\"EL VIERNES SE INAUGURA LA OBRA DE AGUA POTABLE PARA TRES BARRIOS DE SAUCE VIEJO - Municipalidad de Sauce Viejo\",\"isPartOf\":{\"@id\":\"https:\/\/sauceviejo.gob.ar\/sauceonline\/#website\"},\"primaryImageOfPage\":{\"@id\":\"https:\/\/sauceviejo.gob.ar\/sauceonline\/el-viernes-se-inaugura-la-obra-de-agua-potable-para-tres-barrios-de-sauce-viejo\/#primaryimage\"},\"image\":{\"@id\":\"https:\/\/sauceviejo.gob.ar\/sauceonline\/el-viernes-se-inaugura-la-obra-de-agua-potable-para-tres-barrios-de-sauce-viejo\/#primaryimage\"},\"thumbnailUrl\":\"https:\/\/sauceviejo.gob.ar\/sauceonline\/wp-content\/uploads\/2023\/11\/WhatsApp-Image-2023-11-28-at-9.08.23-AM-1.jpeg\",\"datePublished\":\"2023-11-29T11:28:30+00:00\",\"dateModified\":\"2023-11-29T13:56:25+00:00\",\"breadcrumb\":{\"@id\":\"https:\/\/sauceviejo.gob.ar\/sauceonline\/el-viernes-se-inaugura-la-obra-de-agua-potable-para-tres-barrios-de-sauce-viejo\/#breadcrumb\"},\"inLanguage\":\"es\",\"potentialAction\":[{\"@type\":\"ReadAction\",\"target\":[\"https:\/\/sauceviejo.gob.ar\/sauceonline\/el-viernes-se-inaugura-la-obra-de-agua-potable-para-tres-barrios-de-sauce-viejo\/\"]}]},{\"@type\":\"ImageObject\",\"inLanguage\":\"es\",\"@id\":\"https:\/\/sauceviejo.gob.ar\/sauceonline\/el-viernes-se-inaugura-la-obra-de-agua-potable-para-tres-barrios-de-sauce-viejo\/#primaryimage\",\"url\":\"https:\/\/sauceviejo.gob.ar\/sauceonline\/wp-content\/uploads\/2023\/11\/WhatsApp-Image-2023-11-28-at-9.08.23-AM-1.jpeg\",\"contentUrl\":\"https:\/\/sauceviejo.gob.ar\/sauceonline\/wp-content\/uploads\/2023\/11\/WhatsApp-Image-2023-11-28-at-9.08.23-AM-1.jpeg\",\"width\":1200,\"height\":1600},{\"@type\":\"BreadcrumbList\",\"@id\":\"https:\/\/sauceviejo.gob.ar\/sauceonline\/el-viernes-se-inaugura-la-obra-de-agua-potable-para-tres-barrios-de-sauce-viejo\/#breadcrumb\",\"itemListElement\":[{\"@type\":\"ListItem\",\"position\":1,\"name\":\"Portada\",\"item\":\"https:\/\/sauceviejo.gob.ar\/sauceonline\/\"},{\"@type\":\"ListItem\",\"position\":2,\"name\":\"EL VIERNES SE INAUGURA LA OBRA DE AGUA POTABLE PARA TRES BARRIOS DE SAUCE VIEJO\"}]},{\"@type\":\"WebSite\",\"@id\":\"https:\/\/sauceviejo.gob.ar\/sauceonline\/#website\",\"url\":\"https:\/\/sauceviejo.gob.ar\/sauceonline\/\",\"name\":\"Municipalidad de Sauce Viejo\",\"description\":\"\",\"publisher\":{\"@id\":\"https:\/\/sauceviejo.gob.ar\/sauceonline\/#organization\"},\"potentialAction\":[{\"@type\":\"SearchAction\",\"target\":{\"@type\":\"EntryPoint\",\"urlTemplate\":\"https:\/\/sauceviejo.gob.ar\/sauceonline\/?s={search_term_string}\"},\"query-input\":{\"@type\":\"PropertyValueSpecification\",\"valueRequired\":true,\"valueName\":\"search_term_string\"}}],\"inLanguage\":\"es\"},{\"@type\":\"Organization\",\"@id\":\"https:\/\/sauceviejo.gob.ar\/sauceonline\/#organization\",\"name\":\"Municipalidad de Sauce Viejo\",\"url\":\"https:\/\/sauceviejo.gob.ar\/sauceonline\/\",\"logo\":{\"@type\":\"ImageObject\",\"inLanguage\":\"es\",\"@id\":\"https:\/\/sauceviejo.gob.ar\/sauceonline\/#\/schema\/logo\/image\/\",\"url\":\"https:\/\/sauceviejo.gob.ar\/sauceonline\/wp-content\/uploads\/2024\/11\/Logo.png\",\"contentUrl\":\"https:\/\/sauceviejo.gob.ar\/sauceonline\/wp-content\/uploads\/2024\/11\/Logo.png\",\"width\":225,\"height\":225,\"caption\":\"Municipalidad de Sauce Viejo\"},\"image\":{\"@id\":\"https:\/\/sauceviejo.gob.ar\/sauceonline\/#\/schema\/logo\/image\/\"},\"sameAs\":[\"https:\/\/www.facebook.com\/MunicipalidadDeSauceViejo\",\"https:\/\/x.com\/sauceviejomuni\"]},{\"@type\":\"Person\",\"@id\":\"https:\/\/sauceviejo.gob.ar\/sauceonline\/#\/schema\/person\/239c5060bf1e396a9f654969eec68003\",\"name\":\"Pablo Bellafronte\",\"image\":{\"@type\":\"ImageObject\",\"inLanguage\":\"es\",\"@id\":\"https:\/\/sauceviejo.gob.ar\/sauceonline\/#\/schema\/person\/image\/\",\"url\":\"https:\/\/secure.gravatar.com\/avatar\/c84255cafacbb433ec72d11488c4f40e?s=96&d=mm&r=g\",\"contentUrl\":\"https:\/\/secure.gravatar.com\/avatar\/c84255cafacbb433ec72d11488c4f40e?s=96&d=mm&r=g\",\"caption\":\"Pablo Bellafronte\"},\"sameAs\":[\"https:\/\/profepablobellafronte.weebly.com\/\"],\"url\":\"https:\/\/sauceviejo.gob.ar\/sauceonline\/author\/vu000925\/\"}]}<\/script>\n<!-- \/ Yoast SEO plugin. -->","yoast_head_json":{"title":"EL VIERNES SE INAUGURA LA OBRA DE AGUA POTABLE PARA TRES BARRIOS DE SAUCE VIEJO - Municipalidad de Sauce Viejo","robots":{"index":"index","follow":"follow","max-snippet":"max-snippet:-1","max-image-preview":"max-image-preview:large","max-video-preview":"max-video-preview:-1"},"canonical":"https:\/\/sauceviejo.gob.ar\/sauceonline\/el-viernes-se-inaugura-la-obra-de-agua-potable-para-tres-barrios-de-sauce-viejo\/","og_locale":"es_ES","og_type":"article","og_title":"EL VIERNES SE INAUGURA LA OBRA DE AGUA POTABLE PARA TRES BARRIOS DE SAUCE VIEJO - Municipalidad de Sauce Viejo","og_description":"El pr\u00f3ximo viernes 1\u00b0 de diciembre a las 9 hs en las instalaciones de Austria esquina Portugal, el intendente Mario Papaleo inaugurar\u00e1 la obra de agua potable.Tiempo atr\u00e1s el Departamento Ejecutivo Municipal hab\u00eda tomado posesi\u00f3n de la obra de agua potable del acueducto provincial Desv\u00edo Arijon.En esta etapa ser\u00e1n beneficiarios los vecinos de Barrios J....","og_url":"https:\/\/sauceviejo.gob.ar\/sauceonline\/el-viernes-se-inaugura-la-obra-de-agua-potable-para-tres-barrios-de-sauce-viejo\/","og_site_name":"Municipalidad de Sauce Viejo","article_publisher":"https:\/\/www.facebook.com\/MunicipalidadDeSauceViejo","article_published_time":"2023-11-29T11:28:30+00:00","article_modified_time":"2023-11-29T13:56:25+00:00","og_image":[{"width":1200,"height":1600,"url":"https:\/\/sauceviejo.gob.ar\/sauceonline\/wp-content\/uploads\/2023\/11\/WhatsApp-Image-2023-11-28-at-9.08.23-AM-1.jpeg","type":"image\/jpeg"}],"author":"Pablo Bellafronte","twitter_card":"summary_large_image","twitter_creator":"@sauceviejomuni","twitter_site":"@sauceviejomuni","twitter_misc":{"Escrito por":"Pablo Bellafronte"},"schema":{"@context":"https:\/\/schema.org","@graph":[{"@type":"Article","@id":"https:\/\/sauceviejo.gob.ar\/sauceonline\/el-viernes-se-inaugura-la-obra-de-agua-potable-para-tres-barrios-de-sauce-viejo\/#article","isPartOf":{"@id":"https:\/\/sauceviejo.gob.ar\/sauceonline\/el-viernes-se-inaugura-la-obra-de-agua-potable-para-tres-barrios-de-sauce-viejo\/"},"author":{"name":"Pablo Bellafronte","@id":"https:\/\/sauceviejo.gob.ar\/sauceonline\/#\/schema\/person\/239c5060bf1e396a9f654969eec68003"},"headline":"EL VIERNES SE INAUGURA LA OBRA DE AGUA POTABLE PARA TRES BARRIOS DE SAUCE VIEJO","datePublished":"2023-11-29T11:28:30+00:00","dateModified":"2023-11-29T13:56:25+00:00","mainEntityOfPage":{"@id":"https:\/\/sauceviejo.gob.ar\/sauceonline\/el-viernes-se-inaugura-la-obra-de-agua-potable-para-tres-barrios-de-sauce-viejo\/"},"wordCount":98,"publisher":{"@id":"https:\/\/sauceviejo.gob.ar\/sauceonline\/#organization"},"image":{"@id":"https:\/\/sauceviejo.gob.ar\/sauceonline\/el-viernes-se-inaugura-la-obra-de-agua-potable-para-tres-barrios-de-sauce-viejo\/#primaryimage"},"thumbnailUrl":"https:\/\/sauceviejo.gob.ar\/sauceonline\/wp-content\/uploads\/2023\/11\/WhatsApp-Image-2023-11-28-at-9.08.23-AM-1.jpeg","articleSection":["Actividades y Servicios","Destacada de gobierno","Gobierno"],"inLanguage":"es"},{"@type":"WebPage","@id":"https:\/\/sauceviejo.gob.ar\/sauceonline\/el-viernes-se-inaugura-la-obra-de-agua-potable-para-tres-barrios-de-sauce-viejo\/","url":"https:\/\/sauceviejo.gob.ar\/sauceonline\/el-viernes-se-inaugura-la-obra-de-agua-potable-para-tres-barrios-de-sauce-viejo\/","name":"EL VIERNES SE INAUGURA LA OBRA DE AGUA POTABLE PARA TRES BARRIOS DE SAUCE VIEJO - Municipalidad de Sauce Viejo","isPartOf":{"@id":"https:\/\/sauceviejo.gob.ar\/sauceonline\/#website"},"primaryImageOfPage":{"@id":"https:\/\/sauceviejo.gob.ar\/sauceonline\/el-viernes-se-inaugura-la-obra-de-agua-potable-para-tres-barrios-de-sauce-viejo\/#primaryimage"},"image":{"@id":"https:\/\/sauceviejo.gob.ar\/sauceonline\/el-viernes-se-inaugura-la-obra-de-agua-potable-para-tres-barrios-de-sauce-viejo\/#primaryimage"},"thumbnailUrl":"https:\/\/sauceviejo.gob.ar\/sauceonline\/wp-content\/uploads\/2023\/11\/WhatsApp-Image-2023-11-28-at-9.08.23-AM-1.jpeg","datePublished":"2023-11-29T11:28:30+00:00","dateModified":"2023-11-29T13:56:25+00:00","breadcrumb":{"@id":"https:\/\/sauceviejo.gob.ar\/sauceonline\/el-viernes-se-inaugura-la-obra-de-agua-potable-para-tres-barrios-de-sauce-viejo\/#breadcrumb"},"inLanguage":"es","potentialAction":[{"@type":"ReadAction","target":["https:\/\/sauceviejo.gob.ar\/sauceonline\/el-viernes-se-inaugura-la-obra-de-agua-potable-para-tres-barrios-de-sauce-viejo\/"]}]},{"@type":"ImageObject","inLanguage":"es","@id":"https:\/\/sauceviejo.gob.ar\/sauceonline\/el-viernes-se-inaugura-la-obra-de-agua-potable-para-tres-barrios-de-sauce-viejo\/#primaryimage","url":"https:\/\/sauceviejo.gob.ar\/sauceonline\/wp-content\/uploads\/2023\/11\/WhatsApp-Image-2023-11-28-at-9.08.23-AM-1.jpeg","contentUrl":"https:\/\/sauceviejo.gob.ar\/sauceonline\/wp-content\/uploads\/2023\/11\/WhatsApp-Image-2023-11-28-at-9.08.23-AM-1.jpeg","width":1200,"height":1600},{"@type":"BreadcrumbList","@id":"https:\/\/sauceviejo.gob.ar\/sauceonline\/el-viernes-se-inaugura-la-obra-de-agua-potable-para-tres-barrios-de-sauce-viejo\/#breadcrumb","itemListElement":[{"@type":"ListItem","position":1,"name":"Portada","item":"https:\/\/sauceviejo.gob.ar\/sauceonline\/"},{"@type":"ListItem","position":2,"name":"EL VIERNES SE INAUGURA LA OBRA DE AGUA POTABLE PARA TRES BARRIOS DE SAUCE VIEJO"}]},{"@type":"WebSite","@id":"https:\/\/sauceviejo.gob.ar\/sauceonline\/#website","url":"https:\/\/sauceviejo.gob.ar\/sauceonline\/","name":"Municipalidad de Sauce Viejo","description":"","publisher":{"@id":"https:\/\/sauceviejo.gob.ar\/sauceonline\/#organization"},"potentialAction":[{"@type":"SearchAction","target":{"@type":"EntryPoint","urlTemplate":"https:\/\/sauceviejo.gob.ar\/sauceonline\/?s={search_term_string}"},"query-input":{"@type":"PropertyValueSpecification","valueRequired":true,"valueName":"search_term_string"}}],"inLanguage":"es"},{"@type":"Organization","@id":"https:\/\/sauceviejo.gob.ar\/sauceonline\/#organization","name":"Municipalidad de Sauce Viejo","url":"https:\/\/sauceviejo.gob.ar\/sauceonline\/","logo":{"@type":"ImageObject","inLanguage":"es","@id":"https:\/\/sauceviejo.gob.ar\/sauceonline\/#\/schema\/logo\/image\/","url":"https:\/\/sauceviejo.gob.ar\/sauceonline\/wp-content\/uploads\/2024\/11\/Logo.png","contentUrl":"https:\/\/sauceviejo.gob.ar\/sauceonline\/wp-content\/uploads\/2024\/11\/Logo.png","width":225,"height":225,"caption":"Municipalidad de Sauce Viejo"},"image":{"@id":"https:\/\/sauceviejo.gob.ar\/sauceonline\/#\/schema\/logo\/image\/"},"sameAs":["https:\/\/www.facebook.com\/MunicipalidadDeSauceViejo","https:\/\/x.com\/sauceviejomuni"]},{"@type":"Person","@id":"https:\/\/sauceviejo.gob.ar\/sauceonline\/#\/schema\/person\/239c5060bf1e396a9f654969eec68003","name":"Pablo Bellafronte","image":{"@type":"ImageObject","inLanguage":"es","@id":"https:\/\/sauceviejo.gob.ar\/sauceonline\/#\/schema\/person\/image\/","url":"https:\/\/secure.gravatar.com\/avatar\/c84255cafacbb433ec72d11488c4f40e?s=96&d=mm&r=g","contentUrl":"https:\/\/secure.gravatar.com\/avatar\/c84255cafacbb433ec72d11488c4f40e?s=96&d=mm&r=g","caption":"Pablo Bellafronte"},"sameAs":["https:\/\/profepablobellafronte.weebly.com\/"],"url":"https:\/\/sauceviejo.gob.ar\/sauceonline\/author\/vu000925\/"}]}},"uagb_featured_image_src":{"full":["https:\/\/sauceviejo.gob.ar\/sauceonline\/wp-content\/uploads\/2023\/11\/WhatsApp-Image-2023-11-28-at-9.08.23-AM-1.jpeg",1200,1600,false],"thumbnail":["https:\/\/sauceviejo.gob.ar\/sauceonline\/wp-content\/uploads\/2023\/11\/WhatsApp-Image-2023-11-28-at-9.08.23-AM-1-150x150.jpeg",150,150,true],"medium":["https:\/\/sauceviejo.gob.ar\/sauceonline\/wp-content\/uploads\/2023\/11\/WhatsApp-Image-2023-11-28-at-9.08.23-AM-1-225x300.jpeg",225,300,true],"medium_large":["https:\/\/sauceviejo.gob.ar\/sauceonline\/wp-content\/uploads\/2023\/11\/WhatsApp-Image-2023-11-28-at-9.08.23-AM-1-768x1024.jpeg",768,1024,true],"large":["https:\/\/sauceviejo.gob.ar\/sauceonline\/wp-content\/uploads\/2023\/11\/WhatsApp-Image-2023-11-28-at-9.08.23-AM-1-768x1024.jpeg",768,1024,true],"1536x1536":["https:\/\/sauceviejo.gob.ar\/sauceonline\/wp-content\/uploads\/2023\/11\/WhatsApp-Image-2023-11-28-at-9.08.23-AM-1-1152x1536.jpeg",1152,1536,true],"2048x2048":["https:\/\/sauceviejo.gob.ar\/sauceonline\/wp-content\/uploads\/2023\/11\/WhatsApp-Image-2023-11-28-at-9.08.23-AM-1.jpeg",1200,1600,false],"ultp_layout_landscape_large":["https:\/\/sauceviejo.gob.ar\/sauceonline\/wp-content\/uploads\/2023\/11\/WhatsApp-Image-2023-11-28-at-9.08.23-AM-1-1200x800.jpeg",1200,800,true],"ultp_layout_landscape":["https:\/\/sauceviejo.gob.ar\/sauceonline\/wp-content\/uploads\/2023\/11\/WhatsApp-Image-2023-11-28-at-9.08.23-AM-1-870x570.jpeg",870,570,true],"ultp_layout_portrait":["https:\/\/sauceviejo.gob.ar\/sauceonline\/wp-content\/uploads\/2023\/11\/WhatsApp-Image-2023-11-28-at-9.08.23-AM-1-600x900.jpeg",600,900,true],"ultp_layout_square":["https:\/\/sauceviejo.gob.ar\/sauceonline\/wp-content\/uploads\/2023\/11\/WhatsApp-Image-2023-11-28-at-9.08.23-AM-1-600x600.jpeg",600,600,true]},"uagb_author_info":{"display_name":"Pablo Bellafronte","author_link":"https:\/\/sauceviejo.gob.ar\/sauceonline\/author\/vu000925\/"},"uagb_comment_info":0,"uagb_excerpt":"El pr\u00f3ximo viernes 1\u00b0 de diciembre a las 9 hs en las instalaciones de Austria esquina Portugal, el intendente Mario Papaleo inaugurar\u00e1 la obra de agua potable.Tiempo atr\u00e1s el Departamento Ejecutivo Municipal hab\u00eda tomado posesi\u00f3n de la obra de agua potable del acueducto provincial Desv\u00edo Arijon.En esta etapa ser\u00e1n beneficiarios los vecinos de Barrios J....","_links":{"self":[{"href":"https:\/\/sauceviejo.gob.ar\/sauceonline\/wp-json\/wp\/v2\/posts\/7425","targetHints":{"allow":["GET"]}}],"collection":[{"href":"https:\/\/sauceviejo.gob.ar\/sauceonline\/wp-json\/wp\/v2\/posts"}],"about":[{"href":"https:\/\/sauceviejo.gob.ar\/sauceonline\/wp-json\/wp\/v2\/types\/post"}],"author":[{"embeddable":true,"href":"https:\/\/sauceviejo.gob.ar\/sauceonline\/wp-json\/wp\/v2\/users\/2"}],"replies":[{"embeddable":true,"href":"https:\/\/sauceviejo.gob.ar\/sauceonline\/wp-json\/wp\/v2\/comments?post=7425"}],"version-history":[{"count":1,"href":"https:\/\/sauceviejo.gob.ar\/sauceonline\/wp-json\/wp\/v2\/posts\/7425\/revisions"}],"predecessor-version":[{"id":7428,"href":"https:\/\/sauceviejo.gob.ar\/sauceonline\/wp-json\/wp\/v2\/posts\/7425\/revisions\/7428"}],"wp:featuredmedia":[{"embeddable":true,"href":"https:\/\/sauceviejo.gob.ar\/sauceonline\/wp-json\/wp\/v2\/media\/7426"}],"wp:attachment":[{"href":"https:\/\/sauceviejo.gob.ar\/sauceonline\/wp-json\/wp\/v2\/media?parent=7425"}],"wp:term":[{"taxonomy":"category","embeddable":true,"href":"https:\/\/sauceviejo.gob.ar\/sauceonline\/wp-json\/wp\/v2\/categories?post=7425"},{"taxonomy":"post_tag","embeddable":true,"href":"https:\/\/sauceviejo.gob.ar\/sauceonline\/wp-json\/wp\/v2\/tags?post=7425"}],"curies":[{"name":"wp","href":"https:\/\/api.w.org\/{rel}","templated":true}]}}