{"id":9879,"date":"2024-12-03T18:46:21","date_gmt":"2024-12-03T21:46:21","guid":{"rendered":"https:\/\/sauceviejo.gob.ar\/sauceonline\/?p=9879"},"modified":"2024-12-03T18:49:18","modified_gmt":"2024-12-03T21:49:18","slug":"la-muni-en-tu-barrio-otra-jornada-de-cercania-este-miercoles-en-el-barrio-uspallata","status":"publish","type":"post","link":"https:\/\/sauceviejo.gob.ar\/sauceonline\/la-muni-en-tu-barrio-otra-jornada-de-cercania-este-miercoles-en-el-barrio-uspallata\/","title":{"rendered":"\u00abLA MUNI EN TU BARRIO\u00bb: ESTE MI\u00c9RCOLES EN EL BARRIO USPALLATA"},"content":{"rendered":"<!-- VideographyWP Plugin Message: Automatic video embedding prevented by plugin options. -->\n\n<p><img loading=\"lazy\" decoding=\"async\" height=\"16\" width=\"16\" alt=\"&#x1f5d3;&#xfe0f;\" src=\"https:\/\/static.xx.fbcdn.net\/images\/emoji.php\/v9\/t5c\/1\/16\/1f5d3.png\"> Este mi\u00e9rcoles 4 de diciembre desde las 14.30, en la plaza del barrio Uspallata se instalar\u00e1 el dispositivo descentralizado de la Municipalidad de Sauce Viejo.<\/p>\n\n\n\n<p><img loading=\"lazy\" decoding=\"async\" height=\"16\" width=\"16\" alt=\"&#x1f4a1;\" src=\"https:\/\/static.xx.fbcdn.net\/images\/emoji.php\/v9\/t3c\/1\/16\/1f4a1.png\"> Se trata de una propuesta de las \u00e1reas de Salud junto a Ambiente y Zoonosis.<\/p>\n\n\n\n<p><img loading=\"lazy\" decoding=\"async\" height=\"16\" width=\"16\" alt=\"&#x2702;&#xfe0f;\" src=\"https:\/\/static.xx.fbcdn.net\/images\/emoji.php\/v9\/tb0\/1\/16\/2702.png\"><a><\/a>Se realizar\u00e1n castraciones de animales de compa\u00f1\u00eda con tudrno previo y vacunaci\u00f3n antirr\u00e1bica.<\/p>\n\n\n\n<p>Se entregar\u00e1 folleter\u00eda informativa sobre diferentes temas inherentes a la salud.<\/p>\n\n\n\n<p><img loading=\"lazy\" decoding=\"async\" height=\"16\" width=\"16\" alt=\"&#x1f4de;\" src=\"https:\/\/static.xx.fbcdn.net\/images\/emoji.php\/v9\/t4d\/1\/16\/1f4de.png\"> Turnos previos para castraciones de animales de compa\u00f1\u00eda al 342 5 939940<\/p>\n\n\n\n<p>\u00a1Los\/as esperamos!<\/p>\n\n\n\n<p>Sigannos tambi\u00e9n en:<\/p>\n\n\n\n<p>Twitter como @sauceviejomuni <img loading=\"lazy\" decoding=\"async\" height=\"16\" width=\"16\" alt=\"&#x1f426;\" src=\"https:\/\/static.xx.fbcdn.net\/images\/emoji.php\/v9\/t90\/1\/16\/1f426.png\"><\/p>\n\n\n\n<p>Instagram como @munisauceviejo <img loading=\"lazy\" decoding=\"async\" height=\"16\" width=\"16\" alt=\"&#x1f4f8;\" src=\"https:\/\/static.xx.fbcdn.net\/images\/emoji.php\/v9\/tde\/1\/16\/1f4f8.png\"><\/p>\n\n\n\n<p>Facebook como Municipalidad de Sauce Viejo <img loading=\"lazy\" decoding=\"async\" height=\"16\" width=\"16\" alt=\"&#x1f44d;\" src=\"https:\/\/static.xx.fbcdn.net\/images\/emoji.php\/v9\/tfc\/1\/16\/1f44d.png\"><\/p>\n\n\n\n<p>Youtube como @municipalidaddesauceviejo <img loading=\"lazy\" decoding=\"async\" height=\"16\" width=\"16\" alt=\"&#x1f4f9;\" src=\"https:\/\/static.xx.fbcdn.net\/images\/emoji.php\/v9\/t5f\/1\/16\/1f4f9.png\"><\/p>\n\n\n\n<p>Y en nuestro sitio web <a href=\"http:\/\/www.sauceviejo.gob.ar\/?fbclid=IwZXh0bgNhZW0CMTAAAR2HtLz7CoL0QDegNzLja1KljUPSH6-qizu6OkJvxeVuZzg-X7KkuZv2PE0_aem_YPvHfBvn-4D6C0D4eK8-Gw\" rel=\"noreferrer noopener\" target=\"_blank\">www.sauceviejo.gob.ar<\/a><img loading=\"lazy\" decoding=\"async\" height=\"16\" width=\"16\" alt=\"&#x1f310;\" src=\"https:\/\/static.xx.fbcdn.net\/images\/emoji.php\/v9\/taa\/1\/16\/1f310.png\"><\/p>\n","protected":false},"excerpt":{"rendered":"<p>Este mi\u00e9rcoles 4 de diciembre desde las 14.30, en la plaza del barrio Uspallata se instalar\u00e1 el dispositivo descentralizado de la Municipalidad de Sauce Viejo. Se trata de una propuesta de las \u00e1reas de Salud junto a Ambiente y Zoonosis. Se realizar\u00e1n castraciones de animales de compa\u00f1\u00eda con tudrno previo y vacunaci\u00f3n antirr\u00e1bica. Se entregar\u00e1&#8230;<\/p>\n","protected":false},"author":3,"featured_media":9880,"comment_status":"closed","ping_status":"closed","sticky":false,"template":"","format":"standard","meta":{"_uag_custom_page_level_css":"","_kad_post_transparent":"","_kad_post_title":"","_kad_post_layout":"","_kad_post_sidebar_id":"","_kad_post_content_style":"","_kad_post_vertical_padding":"","_kad_post_feature":"","_kad_post_feature_position":"","_kad_post_header":false,"_kad_post_footer":false,"_kad_post_classname":"","footnotes":""},"categories":[41,28],"tags":[],"class_list":["post-9879","post","type-post","status-publish","format-standard","has-post-thumbnail","hentry","category-servicios","category-ambiente-y-zoonosis"],"yoast_head":"<!-- This site is optimized with the Yoast SEO plugin v25.2 - https:\/\/yoast.com\/wordpress\/plugins\/seo\/ -->\n<title>&quot;LA MUNI EN TU BARRIO&quot;: ESTE MI\u00c9RCOLES EN EL BARRIO USPALLATA - Municipalidad de Sauce Viejo<\/title>\n<meta name=\"robots\" content=\"index, follow, max-snippet:-1, max-image-preview:large, max-video-preview:-1\" \/>\n<link rel=\"canonical\" href=\"https:\/\/sauceviejo.gob.ar\/sauceonline\/la-muni-en-tu-barrio-otra-jornada-de-cercania-este-miercoles-en-el-barrio-uspallata\/\" \/>\n<meta property=\"og:locale\" content=\"es_ES\" \/>\n<meta property=\"og:type\" content=\"article\" \/>\n<meta property=\"og:title\" content=\"&quot;LA MUNI EN TU BARRIO&quot;: ESTE MI\u00c9RCOLES EN EL BARRIO USPALLATA - Municipalidad de Sauce Viejo\" \/>\n<meta property=\"og:description\" content=\"Este mi\u00e9rcoles 4 de diciembre desde las 14.30, en la plaza del barrio Uspallata se instalar\u00e1 el dispositivo descentralizado de la Municipalidad de Sauce Viejo. Se trata de una propuesta de las \u00e1reas de Salud junto a Ambiente y Zoonosis. Se realizar\u00e1n castraciones de animales de compa\u00f1\u00eda con tudrno previo y vacunaci\u00f3n antirr\u00e1bica. Se entregar\u00e1...\" \/>\n<meta property=\"og:url\" content=\"https:\/\/sauceviejo.gob.ar\/sauceonline\/la-muni-en-tu-barrio-otra-jornada-de-cercania-este-miercoles-en-el-barrio-uspallata\/\" \/>\n<meta property=\"og:site_name\" content=\"Municipalidad de Sauce Viejo\" \/>\n<meta property=\"article:publisher\" content=\"https:\/\/www.facebook.com\/MunicipalidadDeSauceViejo\" \/>\n<meta property=\"article:published_time\" content=\"2024-12-03T21:46:21+00:00\" \/>\n<meta property=\"article:modified_time\" content=\"2024-12-03T21:49:18+00:00\" \/>\n<meta property=\"og:image\" content=\"https:\/\/sauceviejo.gob.ar\/sauceonline\/wp-content\/uploads\/2024\/12\/La-muni-en-tu-barrio.jpg\" \/>\n\t<meta property=\"og:image:width\" content=\"1080\" \/>\n\t<meta property=\"og:image:height\" content=\"1080\" \/>\n\t<meta property=\"og:image:type\" content=\"image\/jpeg\" \/>\n<meta name=\"author\" content=\"Pablo Bellafronte\" \/>\n<meta name=\"twitter:card\" content=\"summary_large_image\" \/>\n<meta name=\"twitter:creator\" content=\"@sauceviejomuni\" \/>\n<meta name=\"twitter:site\" content=\"@sauceviejomuni\" \/>\n<meta name=\"twitter:label1\" content=\"Escrito por\" \/>\n\t<meta name=\"twitter:data1\" content=\"Pablo Bellafronte\" \/>\n\t<meta name=\"twitter:label2\" content=\"Tiempo de lectura\" \/>\n\t<meta name=\"twitter:data2\" content=\"3 minutos\" \/>\n<script type=\"application\/ld+json\" class=\"yoast-schema-graph\">{\"@context\":\"https:\/\/schema.org\",\"@graph\":[{\"@type\":\"Article\",\"@id\":\"https:\/\/sauceviejo.gob.ar\/sauceonline\/la-muni-en-tu-barrio-otra-jornada-de-cercania-este-miercoles-en-el-barrio-uspallata\/#article\",\"isPartOf\":{\"@id\":\"https:\/\/sauceviejo.gob.ar\/sauceonline\/la-muni-en-tu-barrio-otra-jornada-de-cercania-este-miercoles-en-el-barrio-uspallata\/\"},\"author\":{\"name\":\"Pablo Bellafronte\",\"@id\":\"https:\/\/sauceviejo.gob.ar\/sauceonline\/#\/schema\/person\/6b4c9b7035bed5ca317fd98bffc945a5\"},\"headline\":\"\u00abLA MUNI EN TU BARRIO\u00bb: ESTE MI\u00c9RCOLES EN EL BARRIO USPALLATA\",\"datePublished\":\"2024-12-03T21:46:21+00:00\",\"dateModified\":\"2024-12-03T21:49:18+00:00\",\"mainEntityOfPage\":{\"@id\":\"https:\/\/sauceviejo.gob.ar\/sauceonline\/la-muni-en-tu-barrio-otra-jornada-de-cercania-este-miercoles-en-el-barrio-uspallata\/\"},\"wordCount\":121,\"publisher\":{\"@id\":\"https:\/\/sauceviejo.gob.ar\/sauceonline\/#organization\"},\"image\":{\"@id\":\"https:\/\/sauceviejo.gob.ar\/sauceonline\/la-muni-en-tu-barrio-otra-jornada-de-cercania-este-miercoles-en-el-barrio-uspallata\/#primaryimage\"},\"thumbnailUrl\":\"https:\/\/sauceviejo.gob.ar\/sauceonline\/wp-content\/uploads\/2024\/12\/La-muni-en-tu-barrio.jpg\",\"articleSection\":[\"Actividades y Servicios\",\"Ambiente y Zoonosis\"],\"inLanguage\":\"es\"},{\"@type\":\"WebPage\",\"@id\":\"https:\/\/sauceviejo.gob.ar\/sauceonline\/la-muni-en-tu-barrio-otra-jornada-de-cercania-este-miercoles-en-el-barrio-uspallata\/\",\"url\":\"https:\/\/sauceviejo.gob.ar\/sauceonline\/la-muni-en-tu-barrio-otra-jornada-de-cercania-este-miercoles-en-el-barrio-uspallata\/\",\"name\":\"\\\"LA MUNI EN TU BARRIO\\\": ESTE MI\u00c9RCOLES EN EL BARRIO USPALLATA - Municipalidad de Sauce Viejo\",\"isPartOf\":{\"@id\":\"https:\/\/sauceviejo.gob.ar\/sauceonline\/#website\"},\"primaryImageOfPage\":{\"@id\":\"https:\/\/sauceviejo.gob.ar\/sauceonline\/la-muni-en-tu-barrio-otra-jornada-de-cercania-este-miercoles-en-el-barrio-uspallata\/#primaryimage\"},\"image\":{\"@id\":\"https:\/\/sauceviejo.gob.ar\/sauceonline\/la-muni-en-tu-barrio-otra-jornada-de-cercania-este-miercoles-en-el-barrio-uspallata\/#primaryimage\"},\"thumbnailUrl\":\"https:\/\/sauceviejo.gob.ar\/sauceonline\/wp-content\/uploads\/2024\/12\/La-muni-en-tu-barrio.jpg\",\"datePublished\":\"2024-12-03T21:46:21+00:00\",\"dateModified\":\"2024-12-03T21:49:18+00:00\",\"breadcrumb\":{\"@id\":\"https:\/\/sauceviejo.gob.ar\/sauceonline\/la-muni-en-tu-barrio-otra-jornada-de-cercania-este-miercoles-en-el-barrio-uspallata\/#breadcrumb\"},\"inLanguage\":\"es\",\"potentialAction\":[{\"@type\":\"ReadAction\",\"target\":[\"https:\/\/sauceviejo.gob.ar\/sauceonline\/la-muni-en-tu-barrio-otra-jornada-de-cercania-este-miercoles-en-el-barrio-uspallata\/\"]}]},{\"@type\":\"ImageObject\",\"inLanguage\":\"es\",\"@id\":\"https:\/\/sauceviejo.gob.ar\/sauceonline\/la-muni-en-tu-barrio-otra-jornada-de-cercania-este-miercoles-en-el-barrio-uspallata\/#primaryimage\",\"url\":\"https:\/\/sauceviejo.gob.ar\/sauceonline\/wp-content\/uploads\/2024\/12\/La-muni-en-tu-barrio.jpg\",\"contentUrl\":\"https:\/\/sauceviejo.gob.ar\/sauceonline\/wp-content\/uploads\/2024\/12\/La-muni-en-tu-barrio.jpg\",\"width\":1080,\"height\":1080},{\"@type\":\"BreadcrumbList\",\"@id\":\"https:\/\/sauceviejo.gob.ar\/sauceonline\/la-muni-en-tu-barrio-otra-jornada-de-cercania-este-miercoles-en-el-barrio-uspallata\/#breadcrumb\",\"itemListElement\":[{\"@type\":\"ListItem\",\"position\":1,\"name\":\"Portada\",\"item\":\"https:\/\/sauceviejo.gob.ar\/sauceonline\/\"},{\"@type\":\"ListItem\",\"position\":2,\"name\":\"\u00abLA MUNI EN TU BARRIO\u00bb: ESTE MI\u00c9RCOLES EN EL BARRIO USPALLATA\"}]},{\"@type\":\"WebSite\",\"@id\":\"https:\/\/sauceviejo.gob.ar\/sauceonline\/#website\",\"url\":\"https:\/\/sauceviejo.gob.ar\/sauceonline\/\",\"name\":\"Municipalidad de Sauce Viejo\",\"description\":\"\",\"publisher\":{\"@id\":\"https:\/\/sauceviejo.gob.ar\/sauceonline\/#organization\"},\"potentialAction\":[{\"@type\":\"SearchAction\",\"target\":{\"@type\":\"EntryPoint\",\"urlTemplate\":\"https:\/\/sauceviejo.gob.ar\/sauceonline\/?s={search_term_string}\"},\"query-input\":{\"@type\":\"PropertyValueSpecification\",\"valueRequired\":true,\"valueName\":\"search_term_string\"}}],\"inLanguage\":\"es\"},{\"@type\":\"Organization\",\"@id\":\"https:\/\/sauceviejo.gob.ar\/sauceonline\/#organization\",\"name\":\"Municipalidad de Sauce Viejo\",\"url\":\"https:\/\/sauceviejo.gob.ar\/sauceonline\/\",\"logo\":{\"@type\":\"ImageObject\",\"inLanguage\":\"es\",\"@id\":\"https:\/\/sauceviejo.gob.ar\/sauceonline\/#\/schema\/logo\/image\/\",\"url\":\"https:\/\/sauceviejo.gob.ar\/sauceonline\/wp-content\/uploads\/2024\/11\/Logo.png\",\"contentUrl\":\"https:\/\/sauceviejo.gob.ar\/sauceonline\/wp-content\/uploads\/2024\/11\/Logo.png\",\"width\":225,\"height\":225,\"caption\":\"Municipalidad de Sauce Viejo\"},\"image\":{\"@id\":\"https:\/\/sauceviejo.gob.ar\/sauceonline\/#\/schema\/logo\/image\/\"},\"sameAs\":[\"https:\/\/www.facebook.com\/MunicipalidadDeSauceViejo\",\"https:\/\/x.com\/sauceviejomuni\"]},{\"@type\":\"Person\",\"@id\":\"https:\/\/sauceviejo.gob.ar\/sauceonline\/#\/schema\/person\/6b4c9b7035bed5ca317fd98bffc945a5\",\"name\":\"Pablo Bellafronte\",\"image\":{\"@type\":\"ImageObject\",\"inLanguage\":\"es\",\"@id\":\"https:\/\/sauceviejo.gob.ar\/sauceonline\/#\/schema\/person\/image\/\",\"url\":\"https:\/\/secure.gravatar.com\/avatar\/aa83fc9cc17444f9d134315371bb0810?s=96&d=mm&r=g\",\"contentUrl\":\"https:\/\/secure.gravatar.com\/avatar\/aa83fc9cc17444f9d134315371bb0810?s=96&d=mm&r=g\",\"caption\":\"Pablo Bellafronte\"},\"sameAs\":[\"http:\/\/pablobellafronte.weebly.com\"],\"url\":\"https:\/\/sauceviejo.gob.ar\/sauceonline\/author\/pablo-bellafronte\/\"}]}<\/script>\n<!-- \/ Yoast SEO plugin. -->","yoast_head_json":{"title":"\"LA MUNI EN TU BARRIO\": ESTE MI\u00c9RCOLES EN EL BARRIO USPALLATA - Municipalidad de Sauce Viejo","robots":{"index":"index","follow":"follow","max-snippet":"max-snippet:-1","max-image-preview":"max-image-preview:large","max-video-preview":"max-video-preview:-1"},"canonical":"https:\/\/sauceviejo.gob.ar\/sauceonline\/la-muni-en-tu-barrio-otra-jornada-de-cercania-este-miercoles-en-el-barrio-uspallata\/","og_locale":"es_ES","og_type":"article","og_title":"\"LA MUNI EN TU BARRIO\": ESTE MI\u00c9RCOLES EN EL BARRIO USPALLATA - Municipalidad de Sauce Viejo","og_description":"Este mi\u00e9rcoles 4 de diciembre desde las 14.30, en la plaza del barrio Uspallata se instalar\u00e1 el dispositivo descentralizado de la Municipalidad de Sauce Viejo. Se trata de una propuesta de las \u00e1reas de Salud junto a Ambiente y Zoonosis. Se realizar\u00e1n castraciones de animales de compa\u00f1\u00eda con tudrno previo y vacunaci\u00f3n antirr\u00e1bica. Se entregar\u00e1...","og_url":"https:\/\/sauceviejo.gob.ar\/sauceonline\/la-muni-en-tu-barrio-otra-jornada-de-cercania-este-miercoles-en-el-barrio-uspallata\/","og_site_name":"Municipalidad de Sauce Viejo","article_publisher":"https:\/\/www.facebook.com\/MunicipalidadDeSauceViejo","article_published_time":"2024-12-03T21:46:21+00:00","article_modified_time":"2024-12-03T21:49:18+00:00","og_image":[{"width":1080,"height":1080,"url":"https:\/\/sauceviejo.gob.ar\/sauceonline\/wp-content\/uploads\/2024\/12\/La-muni-en-tu-barrio.jpg","type":"image\/jpeg"}],"author":"Pablo Bellafronte","twitter_card":"summary_large_image","twitter_creator":"@sauceviejomuni","twitter_site":"@sauceviejomuni","twitter_misc":{"Escrito por":"Pablo Bellafronte","Tiempo de lectura":"3 minutos"},"schema":{"@context":"https:\/\/schema.org","@graph":[{"@type":"Article","@id":"https:\/\/sauceviejo.gob.ar\/sauceonline\/la-muni-en-tu-barrio-otra-jornada-de-cercania-este-miercoles-en-el-barrio-uspallata\/#article","isPartOf":{"@id":"https:\/\/sauceviejo.gob.ar\/sauceonline\/la-muni-en-tu-barrio-otra-jornada-de-cercania-este-miercoles-en-el-barrio-uspallata\/"},"author":{"name":"Pablo Bellafronte","@id":"https:\/\/sauceviejo.gob.ar\/sauceonline\/#\/schema\/person\/6b4c9b7035bed5ca317fd98bffc945a5"},"headline":"\u00abLA MUNI EN TU BARRIO\u00bb: ESTE MI\u00c9RCOLES EN EL BARRIO USPALLATA","datePublished":"2024-12-03T21:46:21+00:00","dateModified":"2024-12-03T21:49:18+00:00","mainEntityOfPage":{"@id":"https:\/\/sauceviejo.gob.ar\/sauceonline\/la-muni-en-tu-barrio-otra-jornada-de-cercania-este-miercoles-en-el-barrio-uspallata\/"},"wordCount":121,"publisher":{"@id":"https:\/\/sauceviejo.gob.ar\/sauceonline\/#organization"},"image":{"@id":"https:\/\/sauceviejo.gob.ar\/sauceonline\/la-muni-en-tu-barrio-otra-jornada-de-cercania-este-miercoles-en-el-barrio-uspallata\/#primaryimage"},"thumbnailUrl":"https:\/\/sauceviejo.gob.ar\/sauceonline\/wp-content\/uploads\/2024\/12\/La-muni-en-tu-barrio.jpg","articleSection":["Actividades y Servicios","Ambiente y Zoonosis"],"inLanguage":"es"},{"@type":"WebPage","@id":"https:\/\/sauceviejo.gob.ar\/sauceonline\/la-muni-en-tu-barrio-otra-jornada-de-cercania-este-miercoles-en-el-barrio-uspallata\/","url":"https:\/\/sauceviejo.gob.ar\/sauceonline\/la-muni-en-tu-barrio-otra-jornada-de-cercania-este-miercoles-en-el-barrio-uspallata\/","name":"\"LA MUNI EN TU BARRIO\": ESTE MI\u00c9RCOLES EN EL BARRIO USPALLATA - Municipalidad de Sauce Viejo","isPartOf":{"@id":"https:\/\/sauceviejo.gob.ar\/sauceonline\/#website"},"primaryImageOfPage":{"@id":"https:\/\/sauceviejo.gob.ar\/sauceonline\/la-muni-en-tu-barrio-otra-jornada-de-cercania-este-miercoles-en-el-barrio-uspallata\/#primaryimage"},"image":{"@id":"https:\/\/sauceviejo.gob.ar\/sauceonline\/la-muni-en-tu-barrio-otra-jornada-de-cercania-este-miercoles-en-el-barrio-uspallata\/#primaryimage"},"thumbnailUrl":"https:\/\/sauceviejo.gob.ar\/sauceonline\/wp-content\/uploads\/2024\/12\/La-muni-en-tu-barrio.jpg","datePublished":"2024-12-03T21:46:21+00:00","dateModified":"2024-12-03T21:49:18+00:00","breadcrumb":{"@id":"https:\/\/sauceviejo.gob.ar\/sauceonline\/la-muni-en-tu-barrio-otra-jornada-de-cercania-este-miercoles-en-el-barrio-uspallata\/#breadcrumb"},"inLanguage":"es","potentialAction":[{"@type":"ReadAction","target":["https:\/\/sauceviejo.gob.ar\/sauceonline\/la-muni-en-tu-barrio-otra-jornada-de-cercania-este-miercoles-en-el-barrio-uspallata\/"]}]},{"@type":"ImageObject","inLanguage":"es","@id":"https:\/\/sauceviejo.gob.ar\/sauceonline\/la-muni-en-tu-barrio-otra-jornada-de-cercania-este-miercoles-en-el-barrio-uspallata\/#primaryimage","url":"https:\/\/sauceviejo.gob.ar\/sauceonline\/wp-content\/uploads\/2024\/12\/La-muni-en-tu-barrio.jpg","contentUrl":"https:\/\/sauceviejo.gob.ar\/sauceonline\/wp-content\/uploads\/2024\/12\/La-muni-en-tu-barrio.jpg","width":1080,"height":1080},{"@type":"BreadcrumbList","@id":"https:\/\/sauceviejo.gob.ar\/sauceonline\/la-muni-en-tu-barrio-otra-jornada-de-cercania-este-miercoles-en-el-barrio-uspallata\/#breadcrumb","itemListElement":[{"@type":"ListItem","position":1,"name":"Portada","item":"https:\/\/sauceviejo.gob.ar\/sauceonline\/"},{"@type":"ListItem","position":2,"name":"\u00abLA MUNI EN TU BARRIO\u00bb: ESTE MI\u00c9RCOLES EN EL BARRIO USPALLATA"}]},{"@type":"WebSite","@id":"https:\/\/sauceviejo.gob.ar\/sauceonline\/#website","url":"https:\/\/sauceviejo.gob.ar\/sauceonline\/","name":"Municipalidad de Sauce Viejo","description":"","publisher":{"@id":"https:\/\/sauceviejo.gob.ar\/sauceonline\/#organization"},"potentialAction":[{"@type":"SearchAction","target":{"@type":"EntryPoint","urlTemplate":"https:\/\/sauceviejo.gob.ar\/sauceonline\/?s={search_term_string}"},"query-input":{"@type":"PropertyValueSpecification","valueRequired":true,"valueName":"search_term_string"}}],"inLanguage":"es"},{"@type":"Organization","@id":"https:\/\/sauceviejo.gob.ar\/sauceonline\/#organization","name":"Municipalidad de Sauce Viejo","url":"https:\/\/sauceviejo.gob.ar\/sauceonline\/","logo":{"@type":"ImageObject","inLanguage":"es","@id":"https:\/\/sauceviejo.gob.ar\/sauceonline\/#\/schema\/logo\/image\/","url":"https:\/\/sauceviejo.gob.ar\/sauceonline\/wp-content\/uploads\/2024\/11\/Logo.png","contentUrl":"https:\/\/sauceviejo.gob.ar\/sauceonline\/wp-content\/uploads\/2024\/11\/Logo.png","width":225,"height":225,"caption":"Municipalidad de Sauce Viejo"},"image":{"@id":"https:\/\/sauceviejo.gob.ar\/sauceonline\/#\/schema\/logo\/image\/"},"sameAs":["https:\/\/www.facebook.com\/MunicipalidadDeSauceViejo","https:\/\/x.com\/sauceviejomuni"]},{"@type":"Person","@id":"https:\/\/sauceviejo.gob.ar\/sauceonline\/#\/schema\/person\/6b4c9b7035bed5ca317fd98bffc945a5","name":"Pablo Bellafronte","image":{"@type":"ImageObject","inLanguage":"es","@id":"https:\/\/sauceviejo.gob.ar\/sauceonline\/#\/schema\/person\/image\/","url":"https:\/\/secure.gravatar.com\/avatar\/aa83fc9cc17444f9d134315371bb0810?s=96&d=mm&r=g","contentUrl":"https:\/\/secure.gravatar.com\/avatar\/aa83fc9cc17444f9d134315371bb0810?s=96&d=mm&r=g","caption":"Pablo Bellafronte"},"sameAs":["http:\/\/pablobellafronte.weebly.com"],"url":"https:\/\/sauceviejo.gob.ar\/sauceonline\/author\/pablo-bellafronte\/"}]}},"uagb_featured_image_src":{"full":["https:\/\/sauceviejo.gob.ar\/sauceonline\/wp-content\/uploads\/2024\/12\/La-muni-en-tu-barrio.jpg",1080,1080,false],"thumbnail":["https:\/\/sauceviejo.gob.ar\/sauceonline\/wp-content\/uploads\/2024\/12\/La-muni-en-tu-barrio-150x150.jpg",150,150,true],"medium":["https:\/\/sauceviejo.gob.ar\/sauceonline\/wp-content\/uploads\/2024\/12\/La-muni-en-tu-barrio-300x300.jpg",300,300,true],"medium_large":["https:\/\/sauceviejo.gob.ar\/sauceonline\/wp-content\/uploads\/2024\/12\/La-muni-en-tu-barrio-768x768.jpg",768,768,true],"large":["https:\/\/sauceviejo.gob.ar\/sauceonline\/wp-content\/uploads\/2024\/12\/La-muni-en-tu-barrio-1024x1024.jpg",1024,1024,true],"1536x1536":["https:\/\/sauceviejo.gob.ar\/sauceonline\/wp-content\/uploads\/2024\/12\/La-muni-en-tu-barrio.jpg",1080,1080,false],"2048x2048":["https:\/\/sauceviejo.gob.ar\/sauceonline\/wp-content\/uploads\/2024\/12\/La-muni-en-tu-barrio.jpg",1080,1080,false],"ultp_layout_landscape_large":["https:\/\/sauceviejo.gob.ar\/sauceonline\/wp-content\/uploads\/2024\/12\/La-muni-en-tu-barrio-1080x800.jpg",1080,800,true],"ultp_layout_landscape":["https:\/\/sauceviejo.gob.ar\/sauceonline\/wp-content\/uploads\/2024\/12\/La-muni-en-tu-barrio-870x570.jpg",870,570,true],"ultp_layout_portrait":["https:\/\/sauceviejo.gob.ar\/sauceonline\/wp-content\/uploads\/2024\/12\/La-muni-en-tu-barrio-600x900.jpg",600,900,true],"ultp_layout_square":["https:\/\/sauceviejo.gob.ar\/sauceonline\/wp-content\/uploads\/2024\/12\/La-muni-en-tu-barrio-600x600.jpg",600,600,true]},"uagb_author_info":{"display_name":"Pablo Bellafronte","author_link":"https:\/\/sauceviejo.gob.ar\/sauceonline\/author\/pablo-bellafronte\/"},"uagb_comment_info":0,"uagb_excerpt":"Este mi\u00e9rcoles 4 de diciembre desde las 14.30, en la plaza del barrio Uspallata se instalar\u00e1 el dispositivo descentralizado de la Municipalidad de Sauce Viejo. Se trata de una propuesta de las \u00e1reas de Salud junto a Ambiente y Zoonosis. Se realizar\u00e1n castraciones de animales de compa\u00f1\u00eda con tudrno previo y vacunaci\u00f3n antirr\u00e1bica. Se entregar\u00e1...","_links":{"self":[{"href":"https:\/\/sauceviejo.gob.ar\/sauceonline\/wp-json\/wp\/v2\/posts\/9879","targetHints":{"allow":["GET"]}}],"collection":[{"href":"https:\/\/sauceviejo.gob.ar\/sauceonline\/wp-json\/wp\/v2\/posts"}],"about":[{"href":"https:\/\/sauceviejo.gob.ar\/sauceonline\/wp-json\/wp\/v2\/types\/post"}],"author":[{"embeddable":true,"href":"https:\/\/sauceviejo.gob.ar\/sauceonline\/wp-json\/wp\/v2\/users\/3"}],"replies":[{"embeddable":true,"href":"https:\/\/sauceviejo.gob.ar\/sauceonline\/wp-json\/wp\/v2\/comments?post=9879"}],"version-history":[{"count":2,"href":"https:\/\/sauceviejo.gob.ar\/sauceonline\/wp-json\/wp\/v2\/posts\/9879\/revisions"}],"predecessor-version":[{"id":9882,"href":"https:\/\/sauceviejo.gob.ar\/sauceonline\/wp-json\/wp\/v2\/posts\/9879\/revisions\/9882"}],"wp:featuredmedia":[{"embeddable":true,"href":"https:\/\/sauceviejo.gob.ar\/sauceonline\/wp-json\/wp\/v2\/media\/9880"}],"wp:attachment":[{"href":"https:\/\/sauceviejo.gob.ar\/sauceonline\/wp-json\/wp\/v2\/media?parent=9879"}],"wp:term":[{"taxonomy":"category","embeddable":true,"href":"https:\/\/sauceviejo.gob.ar\/sauceonline\/wp-json\/wp\/v2\/categories?post=9879"},{"taxonomy":"post_tag","embeddable":true,"href":"https:\/\/sauceviejo.gob.ar\/sauceonline\/wp-json\/wp\/v2\/tags?post=9879"}],"curies":[{"name":"wp","href":"https:\/\/api.w.org\/{rel}","templated":true}]}}